{"id":159332,"date":"2020-03-21T08:20:47","date_gmt":"2020-03-21T11:20:47","guid":{"rendered":"http:\/\/www.caririemacao.com\/1\/?p=159332"},"modified":"2020-03-21T08:20:49","modified_gmt":"2020-03-21T11:20:49","slug":"familiares-do-unico-paciente-confirmado-com-coronavirus-na-paraiba-nao-contrairam-a-doenca","status":"publish","type":"post","link":"https:\/\/www.caririemacao.com\/1\/2020\/03\/21\/familiares-do-unico-paciente-confirmado-com-coronavirus-na-paraiba-nao-contrairam-a-doenca\/","title":{"rendered":"Familiares do \u00fanico paciente confirmado com Coronav\u00edrus na Para\u00edba n\u00e3o contra\u00edram a doen\u00e7a"},"content":{"rendered":"\n<p>Os parentes do homem de 60 anos, que foi o primeiro caso confirmado de Covid-19 na Para\u00edba, n\u00e3o contra\u00edram a doen\u00e7a. De acordo com informa\u00e7\u00f5es da Secretaria de Estado da Sa\u00fade, os familiares do homem foram testados mas os exames deram negativo.<\/p>\n\n\n\n<p>O paciente ficou em isolamento domiciliar enquanto o caso estava sendo investigado. Ele j\u00e1 est\u00e1 fora do per\u00edodo de contamina\u00e7\u00e3o e n\u00e3o tem sintomas.<\/p>\n\n\n\n<p>De acordo com o \u00faltimo boletim da Secretaria de Sa\u00fade, divulgado nessa quinta-feira (19), 114 casos suspeitos de Covid-19 s\u00e3o investigados na Para\u00edba, enquanto 40 j\u00e1 foram descartados. Este \u00e9 o \u00fanico caso confirmado.<\/p>\n","protected":false},"excerpt":{"rendered":"<p>Os parentes do homem de 60 anos, que foi o primeiro caso confirmado de Covid-19 na Para\u00edba, n\u00e3o contra\u00edram a doen\u00e7a. De acordo com informa\u00e7\u00f5es&hellip; <\/p>\n","protected":false},"author":2,"featured_media":159333,"comment_status":"closed","ping_status":"closed","sticky":false,"template":"","format":"standard","meta":{"sfsi_plus_gutenberg_text_before_share":"","sfsi_plus_gutenberg_show_text_before_share":"","sfsi_plus_gutenberg_icon_type":"","sfsi_plus_gutenberg_icon_alignemt":"","sfsi_plus_gutenburg_max_per_row":"","footnotes":""},"categories":[2],"tags":[],"class_list":["post-159332","post","type-post","status-publish","format-standard","has-post-thumbnail","hentry","category-geral"],"_links":{"self":[{"href":"https:\/\/www.caririemacao.com\/1\/wp-json\/wp\/v2\/posts\/159332","targetHints":{"allow":["GET"]}}],"collection":[{"href":"https:\/\/www.caririemacao.com\/1\/wp-json\/wp\/v2\/posts"}],"about":[{"href":"https:\/\/www.caririemacao.com\/1\/wp-json\/wp\/v2\/types\/post"}],"author":[{"embeddable":true,"href":"https:\/\/www.caririemacao.com\/1\/wp-json\/wp\/v2\/users\/2"}],"replies":[{"embeddable":true,"href":"https:\/\/www.caririemacao.com\/1\/wp-json\/wp\/v2\/comments?post=159332"}],"version-history":[{"count":1,"href":"https:\/\/www.caririemacao.com\/1\/wp-json\/wp\/v2\/posts\/159332\/revisions"}],"predecessor-version":[{"id":159334,"href":"https:\/\/www.caririemacao.com\/1\/wp-json\/wp\/v2\/posts\/159332\/revisions\/159334"}],"wp:featuredmedia":[{"embeddable":true,"href":"https:\/\/www.caririemacao.com\/1\/wp-json\/wp\/v2\/media\/159333"}],"wp:attachment":[{"href":"https:\/\/www.caririemacao.com\/1\/wp-json\/wp\/v2\/media?parent=159332"}],"wp:term":[{"taxonomy":"category","embeddable":true,"href":"https:\/\/www.caririemacao.com\/1\/wp-json\/wp\/v2\/categories?post=159332"},{"taxonomy":"post_tag","embeddable":true,"href":"https:\/\/www.caririemacao.com\/1\/wp-json\/wp\/v2\/tags?post=159332"}],"curies":[{"name":"wp","href":"https:\/\/api.w.org\/{rel}","templated":true}]}}