{"id":159338,"date":"2020-03-21T09:31:03","date_gmt":"2020-03-21T12:31:03","guid":{"rendered":"http:\/\/www.caririemacao.com\/1\/?p=159338"},"modified":"2020-03-21T09:31:05","modified_gmt":"2020-03-21T12:31:05","slug":"gestao-de-sao-sebastiao-do-umbuzeiro-apoia-o-esporte-e-prefeito-entrega-padroes-a-equipes-de-futebol","status":"publish","type":"post","link":"https:\/\/www.caririemacao.com\/1\/2020\/03\/21\/gestao-de-sao-sebastiao-do-umbuzeiro-apoia-o-esporte-e-prefeito-entrega-padroes-a-equipes-de-futebol\/","title":{"rendered":"Gest\u00e3o de S\u00e3o Sebasti\u00e3o do Umbuzeiro apoia o esporte, e prefeito entrega padr\u00f5es a equipes de futebol"},"content":{"rendered":"\n<p>Mesmo com o atual momento de paralisa\u00e7\u00e3o de atividades e precau\u00e7\u00f5es em virtude do combate ao Covid-19, a prefeitura de S\u00e3o Sebasti\u00e3o do Umbuzeiro n\u00e3o para de realizar a\u00e7\u00f5es em prol da popula\u00e7\u00e3o, inclusive\u00a0\u00a0os desportistas.<br>Esta semana, o prefeito Adriano Wolff\u00a0\u00a0realizou a entrega de material esportivo para duas equipes que representam muito bem o munic\u00edpio no futebol em competi\u00e7\u00f5es na regi\u00e3o, e at\u00e9 em outros estados.<\/p>\n\n\n\n<p><br>O Ajax e a equipe do Assentamento Estrela D\u2019alva receberam da gest\u00e3o municipal, atrav\u00e9s de seus dirigentes novos uniformes para as disputas da temporada 2020, quando as atividades forem normalizadas.<\/p>\n\n\n\n<p><br>Participaram da entrega dos novos padr\u00f5es e materiais esportivos, al\u00e9m o prefeito Adriano Wolff, o vice prefeito Chico de Mariano, e os dirigentes das equipes contempladas, entre eles, o vereador\u00a0\u00a0Z\u00e9 de Dita entre outros desportistas.<\/p>\n\n\n\n<p><br>Este ano, a prefeitura de S\u00e3o Sebasti\u00e3o do Umbuzeiro est\u00e1 apoiando a participa\u00e7\u00e3o de duas equipes na Copa Integra\u00e7\u00e3o de futebol do Cariri, a maior competi\u00e7\u00e3o de toda a regi\u00e3o: O Ajax e o Juventus.<\/p>\n\n\n\n<p><br>Na 1\u00aa rodada, o Ajax lutou muito fora de casa, mas acabou perdendo pelo placar de 3 a 2 para o tradicional Cruzeiro em Sum\u00e9.<br>J\u00e1 o Juventus teve sua estreia adiada em virtude das fortes chuvas que ca\u00edram em S\u00e3o Sebasti\u00e3o do Umbuzeiro e que deixaram o campo municipal sem condi\u00e7\u00f5es prop\u00edcias de jogo.<\/p>\n\n\n\n<p><br><strong>F\u00c1BIO BRITO<\/strong><\/p>\n\n\n\n<p><br><\/p>\n","protected":false},"excerpt":{"rendered":"<p>Mesmo com o atual momento de paralisa\u00e7\u00e3o de atividades e precau\u00e7\u00f5es em virtude do combate ao Covid-19, a prefeitura de S\u00e3o Sebasti\u00e3o do Umbuzeiro n\u00e3o&hellip; <\/p>\n","protected":false},"author":2,"featured_media":159339,"comment_status":"closed","ping_status":"closed","sticky":false,"template":"","format":"standard","meta":{"sfsi_plus_gutenberg_text_before_share":"","sfsi_plus_gutenberg_show_text_before_share":"","sfsi_plus_gutenberg_icon_type":"","sfsi_plus_gutenberg_icon_alignemt":"","sfsi_plus_gutenburg_max_per_row":"","footnotes":""},"categories":[2],"tags":[],"class_list":["post-159338","post","type-post","status-publish","format-standard","has-post-thumbnail","hentry","category-geral"],"_links":{"self":[{"href":"https:\/\/www.caririemacao.com\/1\/wp-json\/wp\/v2\/posts\/159338","targetHints":{"allow":["GET"]}}],"collection":[{"href":"https:\/\/www.caririemacao.com\/1\/wp-json\/wp\/v2\/posts"}],"about":[{"href":"https:\/\/www.caririemacao.com\/1\/wp-json\/wp\/v2\/types\/post"}],"author":[{"embeddable":true,"href":"https:\/\/www.caririemacao.com\/1\/wp-json\/wp\/v2\/users\/2"}],"replies":[{"embeddable":true,"href":"https:\/\/www.caririemacao.com\/1\/wp-json\/wp\/v2\/comments?post=159338"}],"version-history":[{"count":1,"href":"https:\/\/www.caririemacao.com\/1\/wp-json\/wp\/v2\/posts\/159338\/revisions"}],"predecessor-version":[{"id":159340,"href":"https:\/\/www.caririemacao.com\/1\/wp-json\/wp\/v2\/posts\/159338\/revisions\/159340"}],"wp:featuredmedia":[{"embeddable":true,"href":"https:\/\/www.caririemacao.com\/1\/wp-json\/wp\/v2\/media\/159339"}],"wp:attachment":[{"href":"https:\/\/www.caririemacao.com\/1\/wp-json\/wp\/v2\/media?parent=159338"}],"wp:term":[{"taxonomy":"category","embeddable":true,"href":"https:\/\/www.caririemacao.com\/1\/wp-json\/wp\/v2\/categories?post=159338"},{"taxonomy":"post_tag","embeddable":true,"href":"https:\/\/www.caririemacao.com\/1\/wp-json\/wp\/v2\/tags?post=159338"}],"curies":[{"name":"wp","href":"https:\/\/api.w.org\/{rel}","templated":true}]}}