{"id":159350,"date":"2020-03-21T09:46:27","date_gmt":"2020-03-21T12:46:27","guid":{"rendered":"http:\/\/www.caririemacao.com\/1\/?p=159350"},"modified":"2020-03-21T09:46:29","modified_gmt":"2020-03-21T12:46:29","slug":"bancos-lotericas-e-comercio-atividades-serao-suspensas-em-cidades-com-coronavirus","status":"publish","type":"post","link":"https:\/\/www.caririemacao.com\/1\/2020\/03\/21\/bancos-lotericas-e-comercio-atividades-serao-suspensas-em-cidades-com-coronavirus\/","title":{"rendered":"Bancos, lot\u00e9ricas e com\u00e9rcio: Atividades ser\u00e3o suspensas em cidades com coronav\u00edrus"},"content":{"rendered":"\n<p>O governador Jo\u00e3o Azev\u00eado anunciou, nesta sexta-feira (20), por meio de transmiss\u00e3o ao vivo em suas redes sociais, novas medidas restritivas que visam conter a dissemina\u00e7\u00e3o do coronav\u00edrus na Para\u00edba.<\/p>\n\n\n\n<p>Dentre as a\u00e7\u00f5es anunciadas pelo gestor est\u00e1 a suspens\u00e3o do funcionamento de bancos, casas lot\u00e9ricas e com\u00e9rcio (exceto supermercados, padarias, farm\u00e1cias, postos de combust\u00edveis e outros servi\u00e7os essenciais) em cidades e suas respectivas Regi\u00f5es Metropolitanas que tenham casos confirmados da Covid-19.<\/p>\n\n\n\n<p>O decreto com as novas exig\u00eancias ser\u00e1 publicado no Di\u00e1rio Oficial do Estado deste s\u00e1bado (21) e ter\u00e1 vig\u00eancia inicial de 15 dias.<\/p>\n\n\n\n<p>O documento tamb\u00e9m decretar\u00e1 a suspens\u00e3o de missas, cultos e cerim\u00f4nias religiosas e o desembarque e circula\u00e7\u00e3o da tripula\u00e7\u00e3o dos navios de carga, exceto para casos de atendimento m\u00e9dico de urg\u00eancia, no Porto de Cabedelo.<\/p>\n\n\n\n<p>\u201cJ\u00e1 publicamos dois decretos e amanh\u00e3 (21) sair\u00e1 mais um com as regras anunciadas hoje (20) para que os munic\u00edpios possam cumprir e se adequar \u00e0s condi\u00e7\u00f5es que levam em conta a an\u00e1lise do perfil epidemiol\u00f3gico do Estado e precisamos entender a responsabilidade que temos com n\u00f3s mesmos e com o pr\u00f3ximo, por isso, o lema \u00e9: fique em casa. N\u00f3s temos feito, ao longo dos \u00faltimos meses, tudo que \u00e9 poss\u00edvel em termos da gest\u00e3o da sa\u00fade e de investimentos para que a gente possa prestar o melhor servi\u00e7o \u00e0 popula\u00e7\u00e3o\u201d, explicou o governador.<\/p>\n\n\n\n<p>Na ocasi\u00e3o, ele tamb\u00e9m anunciou mudan\u00e7as na circula\u00e7\u00e3o da frota de transporte intermunicipal da Regi\u00e3o Metropolitana de Jo\u00e3o Pessoa e de Campina Grande, que ser\u00e1 paralisada neste final de semana e, a partir de segunda-feira (23), voltar\u00e1 a funcionar, por\u00e9m com hor\u00e1rio reduzido.<\/p>\n\n\n\n<p>J\u00e1 os transportes que interligam todos os munic\u00edpios da Para\u00edba, ter\u00e3o a frota reduzida a partir de amanh\u00e3.<\/p>\n\n\n\n<p>A balsa que faz a travessia Costinha\/Cabedelo\/Costinha tamb\u00e9m ter\u00e1 o hor\u00e1rio reduzido neste fim de semana; e as lanchas de transporte fluvial, que fazem a travessia Costinha\/Forte Velho\/Cabedelo, funcionar\u00e3o com hor\u00e1rio e capacidade de pessoas reduzidos.<\/p>\n\n\n\n<p>\u201cEsse \u00e9 um momento de crise e que nos preocupa muito. N\u00f3s sabemos que as medidas que estamos tomando t\u00eam impactado a vida das pessoas, mas visam \u00e0 prote\u00e7\u00e3o de cada cidad\u00e3o do Estado porque o objetivo \u00e9 evitar a dissemina\u00e7\u00e3o muito r\u00e1pida e temos certeza de que, com essas a\u00e7\u00f5es que est\u00e3o sendo adotadas, iremos suavizar a curva de contamina\u00e7\u00e3o. N\u00f3s preparamos a estrutura f\u00edsica dos hospitais, de pessoas e de equipamentos para oferecer \u00e0 popula\u00e7\u00e3o um atendimento dentro do padr\u00e3o exigido em uma situa\u00e7\u00e3o como essa\u201d, disse.<\/p>\n\n\n\n<p>Em conversa com os paraibanos, ele ainda apresentou pleitos dos governadores de todo o pa\u00eds na \u00e1rea econ\u00f4mica ao governo federal, como a institui\u00e7\u00e3o da renda b\u00e1sica de cidadania, a fim de destinar recursos para amparar a popula\u00e7\u00e3o economicamente vulner\u00e1vel.<\/p>\n\n\n\n<p>\u201cN\u00f3s estamos pedindo que se estabele\u00e7a uma bolsa para que essas pessoas, a exemplo dos aut\u00f4nomos que ter\u00e3o suas atividades suspensas, tenham uma renda, o que \u00e9 extremamente importante para atravessar essa fase dif\u00edcil\u201d, falou.<\/p>\n","protected":false},"excerpt":{"rendered":"<p>O governador Jo\u00e3o Azev\u00eado anunciou, nesta sexta-feira (20), por meio de transmiss\u00e3o ao vivo em suas redes sociais, novas medidas restritivas que visam conter a&hellip; <\/p>\n","protected":false},"author":2,"featured_media":145472,"comment_status":"closed","ping_status":"closed","sticky":false,"template":"","format":"standard","meta":{"sfsi_plus_gutenberg_text_before_share":"","sfsi_plus_gutenberg_show_text_before_share":"","sfsi_plus_gutenberg_icon_type":"","sfsi_plus_gutenberg_icon_alignemt":"","sfsi_plus_gutenburg_max_per_row":"","footnotes":""},"categories":[6,50],"tags":[],"class_list":["post-159350","post","type-post","status-publish","format-standard","has-post-thumbnail","hentry","category-cidades","category-destaque"],"_links":{"self":[{"href":"https:\/\/www.caririemacao.com\/1\/wp-json\/wp\/v2\/posts\/159350","targetHints":{"allow":["GET"]}}],"collection":[{"href":"https:\/\/www.caririemacao.com\/1\/wp-json\/wp\/v2\/posts"}],"about":[{"href":"https:\/\/www.caririemacao.com\/1\/wp-json\/wp\/v2\/types\/post"}],"author":[{"embeddable":true,"href":"https:\/\/www.caririemacao.com\/1\/wp-json\/wp\/v2\/users\/2"}],"replies":[{"embeddable":true,"href":"https:\/\/www.caririemacao.com\/1\/wp-json\/wp\/v2\/comments?post=159350"}],"version-history":[{"count":1,"href":"https:\/\/www.caririemacao.com\/1\/wp-json\/wp\/v2\/posts\/159350\/revisions"}],"predecessor-version":[{"id":159351,"href":"https:\/\/www.caririemacao.com\/1\/wp-json\/wp\/v2\/posts\/159350\/revisions\/159351"}],"wp:featuredmedia":[{"embeddable":true,"href":"https:\/\/www.caririemacao.com\/1\/wp-json\/wp\/v2\/media\/145472"}],"wp:attachment":[{"href":"https:\/\/www.caririemacao.com\/1\/wp-json\/wp\/v2\/media?parent=159350"}],"wp:term":[{"taxonomy":"category","embeddable":true,"href":"https:\/\/www.caririemacao.com\/1\/wp-json\/wp\/v2\/categories?post=159350"},{"taxonomy":"post_tag","embeddable":true,"href":"https:\/\/www.caririemacao.com\/1\/wp-json\/wp\/v2\/tags?post=159350"}],"curies":[{"name":"wp","href":"https:\/\/api.w.org\/{rel}","templated":true}]}}