{"id":159354,"date":"2020-03-21T09:48:27","date_gmt":"2020-03-21T12:48:27","guid":{"rendered":"http:\/\/www.caririemacao.com\/1\/?p=159354"},"modified":"2020-03-21T09:48:29","modified_gmt":"2020-03-21T12:48:29","slug":"presidente-do-tre-pb-comenta-sobre-possibilidade-de-adiamento-das-eleicoes","status":"publish","type":"post","link":"https:\/\/www.caririemacao.com\/1\/2020\/03\/21\/presidente-do-tre-pb-comenta-sobre-possibilidade-de-adiamento-das-eleicoes\/","title":{"rendered":"Presidente do TRE-PB comenta sobre possibilidade de adiamento das elei\u00e7\u00f5es"},"content":{"rendered":"\n<p>O presidente do Tribunal Regional Eleitoral da Para\u00edba (TRE-PB), desembargador Jos\u00e9 Ricardo Porto, comentou nesta sexta-feira, 20, que at\u00e9 o momento n\u00e3o h\u00e1 qualquer possibilidade de haver o cancelamento das elei\u00e7\u00f5es de outubro.<\/p>\n\n\n\n<p>\u2013 Eu n\u00e3o vejo, at\u00e9 agora, qualquer possibilidade de haver o cancelamento das elei\u00e7\u00f5es de outubro. N\u00f3s ainda estamos no per\u00edodo de avalia\u00e7\u00e3o da propaga\u00e7\u00e3o e da intensidade do Covid-19. Inclusive, o TSE, a pouco dias, informou de que os prazos eleitorais, notadamente no que diz respeito \u00e0 transfer\u00eancia de eleitores, n\u00e3o est\u00e3o suspensos. O que \u00e9 que nos podemos alcan\u00e7ar dessa delibera\u00e7\u00e3o do TSE \u00e9 que com os prazos n\u00e3o suspensos j\u00e1 h\u00e1 uma sinaliza\u00e7\u00e3o clara, evidente e palp\u00e1vel do n\u00e3o adiamento das elei\u00e7\u00f5es. Mas fa\u00e7o aqui um par\u00eantese: tudo isso vai depender de como a prolifera\u00e7\u00e3o e a intensidade do v\u00edrus estar\u00e3o no per\u00edodo eleitoral. Por enquanto, posso lhe dizer que n\u00e3o existe a possibilidade evidente e palp\u00e1vel de qualquer tipo de deslocamento da data das elei\u00e7\u00f5es municipais \u2013 destacou.<\/p>\n","protected":false},"excerpt":{"rendered":"<p>O presidente do Tribunal Regional Eleitoral da Para\u00edba (TRE-PB), desembargador Jos\u00e9 Ricardo Porto, comentou nesta sexta-feira, 20, que at\u00e9 o momento n\u00e3o h\u00e1 qualquer possibilidade&hellip; <\/p>\n","protected":false},"author":2,"featured_media":158755,"comment_status":"closed","ping_status":"closed","sticky":false,"template":"","format":"standard","meta":{"sfsi_plus_gutenberg_text_before_share":"","sfsi_plus_gutenberg_show_text_before_share":"","sfsi_plus_gutenberg_icon_type":"","sfsi_plus_gutenberg_icon_alignemt":"","sfsi_plus_gutenburg_max_per_row":"","footnotes":""},"categories":[11],"tags":[],"class_list":["post-159354","post","type-post","status-publish","format-standard","has-post-thumbnail","hentry","category-politica"],"_links":{"self":[{"href":"https:\/\/www.caririemacao.com\/1\/wp-json\/wp\/v2\/posts\/159354","targetHints":{"allow":["GET"]}}],"collection":[{"href":"https:\/\/www.caririemacao.com\/1\/wp-json\/wp\/v2\/posts"}],"about":[{"href":"https:\/\/www.caririemacao.com\/1\/wp-json\/wp\/v2\/types\/post"}],"author":[{"embeddable":true,"href":"https:\/\/www.caririemacao.com\/1\/wp-json\/wp\/v2\/users\/2"}],"replies":[{"embeddable":true,"href":"https:\/\/www.caririemacao.com\/1\/wp-json\/wp\/v2\/comments?post=159354"}],"version-history":[{"count":1,"href":"https:\/\/www.caririemacao.com\/1\/wp-json\/wp\/v2\/posts\/159354\/revisions"}],"predecessor-version":[{"id":159355,"href":"https:\/\/www.caririemacao.com\/1\/wp-json\/wp\/v2\/posts\/159354\/revisions\/159355"}],"wp:featuredmedia":[{"embeddable":true,"href":"https:\/\/www.caririemacao.com\/1\/wp-json\/wp\/v2\/media\/158755"}],"wp:attachment":[{"href":"https:\/\/www.caririemacao.com\/1\/wp-json\/wp\/v2\/media?parent=159354"}],"wp:term":[{"taxonomy":"category","embeddable":true,"href":"https:\/\/www.caririemacao.com\/1\/wp-json\/wp\/v2\/categories?post=159354"},{"taxonomy":"post_tag","embeddable":true,"href":"https:\/\/www.caririemacao.com\/1\/wp-json\/wp\/v2\/tags?post=159354"}],"curies":[{"name":"wp","href":"https:\/\/api.w.org\/{rel}","templated":true}]}}