{"id":159358,"date":"2020-03-21T09:49:43","date_gmt":"2020-03-21T12:49:43","guid":{"rendered":"http:\/\/www.caririemacao.com\/1\/?p=159358"},"modified":"2020-03-21T09:49:45","modified_gmt":"2020-03-21T12:49:45","slug":"aposentado-de-69-anos-e-assassinado-a-tiros-em-casa-no-sertao","status":"publish","type":"post","link":"https:\/\/www.caririemacao.com\/1\/2020\/03\/21\/aposentado-de-69-anos-e-assassinado-a-tiros-em-casa-no-sertao\/","title":{"rendered":"Aposentado de 69 anos \u00e9 assassinado a tiros em casa, no Sert\u00e3o"},"content":{"rendered":"\n<p>Um aposentado de 69 anos, identificado por Ant\u00f4nio da Silva Oliveira, foi morto quando&nbsp;estava sentado na cal\u00e7ada de sua resid\u00eancia, em Brejo dos Santos, na noite desta sexta-feira (20). Segundo informa\u00e7\u00f5es dos vizinhos a Pol\u00edcia Militar,&nbsp;dois&nbsp;homens teriam chegado ao local, numa motocicleta, e passaram a atirrar contra o idoso.&nbsp;<\/p>\n\n\n\n<p>Mesmo ferido, Ant\u00f4nio ainda conseguiu entrar dentro de casa, mas foi atingido com mais tiros, na sala do im\u00f3vel, onde morreu.&nbsp;<br><\/p>\n\n\n\n<p>A pol\u00edcia efetuou rondas em regi\u00f5es pr\u00f3ximas ao local do crime, mas, at\u00e9 o momento, ningu\u00e9m foi preso.<br><\/p>\n\n\n\n<p>Este foi o terceiro homic\u00eddio na cidade de Brejo dos Santos neste ano de 2020.<\/p>\n","protected":false},"excerpt":{"rendered":"<p>Um aposentado de 69 anos, identificado por Ant\u00f4nio da Silva Oliveira, foi morto quando&nbsp;estava sentado na cal\u00e7ada de sua resid\u00eancia, em Brejo dos Santos, na&hellip; <\/p>\n","protected":false},"author":2,"featured_media":151998,"comment_status":"closed","ping_status":"closed","sticky":false,"template":"","format":"standard","meta":{"sfsi_plus_gutenberg_text_before_share":"","sfsi_plus_gutenberg_show_text_before_share":"","sfsi_plus_gutenberg_icon_type":"","sfsi_plus_gutenberg_icon_alignemt":"","sfsi_plus_gutenburg_max_per_row":"","footnotes":""},"categories":[12],"tags":[],"class_list":["post-159358","post","type-post","status-publish","format-standard","has-post-thumbnail","hentry","category-policia"],"_links":{"self":[{"href":"https:\/\/www.caririemacao.com\/1\/wp-json\/wp\/v2\/posts\/159358","targetHints":{"allow":["GET"]}}],"collection":[{"href":"https:\/\/www.caririemacao.com\/1\/wp-json\/wp\/v2\/posts"}],"about":[{"href":"https:\/\/www.caririemacao.com\/1\/wp-json\/wp\/v2\/types\/post"}],"author":[{"embeddable":true,"href":"https:\/\/www.caririemacao.com\/1\/wp-json\/wp\/v2\/users\/2"}],"replies":[{"embeddable":true,"href":"https:\/\/www.caririemacao.com\/1\/wp-json\/wp\/v2\/comments?post=159358"}],"version-history":[{"count":1,"href":"https:\/\/www.caririemacao.com\/1\/wp-json\/wp\/v2\/posts\/159358\/revisions"}],"predecessor-version":[{"id":159359,"href":"https:\/\/www.caririemacao.com\/1\/wp-json\/wp\/v2\/posts\/159358\/revisions\/159359"}],"wp:featuredmedia":[{"embeddable":true,"href":"https:\/\/www.caririemacao.com\/1\/wp-json\/wp\/v2\/media\/151998"}],"wp:attachment":[{"href":"https:\/\/www.caririemacao.com\/1\/wp-json\/wp\/v2\/media?parent=159358"}],"wp:term":[{"taxonomy":"category","embeddable":true,"href":"https:\/\/www.caririemacao.com\/1\/wp-json\/wp\/v2\/categories?post=159358"},{"taxonomy":"post_tag","embeddable":true,"href":"https:\/\/www.caririemacao.com\/1\/wp-json\/wp\/v2\/tags?post=159358"}],"curies":[{"name":"wp","href":"https:\/\/api.w.org\/{rel}","templated":true}]}}