{"id":159362,"date":"2020-03-21T09:53:49","date_gmt":"2020-03-21T12:53:49","guid":{"rendered":"http:\/\/www.caririemacao.com\/1\/?p=159362"},"modified":"2020-03-21T12:10:35","modified_gmt":"2020-03-21T15:10:35","slug":"apos-facada-nao-e-gripezinha-que-vai-me-derrubar-diz-bolsonaro-sobre-coronavirus","status":"publish","type":"post","link":"https:\/\/www.caririemacao.com\/1\/2020\/03\/21\/apos-facada-nao-e-gripezinha-que-vai-me-derrubar-diz-bolsonaro-sobre-coronavirus\/","title":{"rendered":"&#8220;Ap\u00f3s facada, n\u00e3o \u00e9 gripezinha que vai me derrubar&#8221;, diz Bolsonaro sobre coronav\u00edrus"},"content":{"rendered":"\n<p>Indagado sobre seu estado de sa\u00fade, o presidente Jair Bolsonaro voltou a minimizar, nesta sexta-feira, a gravidade da Covid-19, causada pelo novo coronav\u00edrus, e chamou a doen\u00e7a de &#8220;gripezinha&#8221;. No Brasil, pelo menos 904 foram infectadas e onze j\u00e1 morreram. De acordo com a Organiza\u00e7\u00e3o Mundial da Sa\u00fade (OMS), a doen\u00e7a j\u00e1 infectou 209 mil pessoas e matou 8,7 mil.<br><\/p>\n\n\n\n<p>\u2014 Depois da facada, n\u00e3o vai ser uma gripezinha que vai me derrubar \u2014 afirmou Bolsonaro, referindo-se \u00e0 facada que recebeu durante a campanha presidencial em 2018.<br><\/p>\n\n\n\n<p>A sa\u00fade de Bolsonaro vem sendo alvo de especula\u00e7\u00e3o depois que pelo menos 22 pessoas que tiveram contato com o presidente durante uma viagem aos Estados Unidos e que testaram positivo para a doen\u00e7a. Nos \u00faltimos dias, Bolsonaro anunciou que se submeteu a dois exames e que ambos deram negativo para a Covid-19.<\/p>\n\n\n\n<p>Questionado sobre se, diante do n\u00famero de pessoas que testaram positivo para a doen\u00e7a e que tiveram contato com ele, Bolsonaro disse que poderia se submeter a um novo exame.<\/p>\n\n\n\n<p>\u2014 Posso me submeter a outro exame, de acordo com orienta\u00e7\u00e3o m\u00e9dica \u2014 afirmou.<\/p>\n","protected":false},"excerpt":{"rendered":"<p>Indagado sobre seu estado de sa\u00fade, o presidente Jair Bolsonaro voltou a minimizar, nesta sexta-feira, a gravidade da Covid-19, causada pelo novo coronav\u00edrus, e chamou&hellip; <\/p>\n","protected":false},"author":2,"featured_media":159363,"comment_status":"closed","ping_status":"closed","sticky":false,"template":"","format":"standard","meta":{"sfsi_plus_gutenberg_text_before_share":"","sfsi_plus_gutenberg_show_text_before_share":"","sfsi_plus_gutenberg_icon_type":"","sfsi_plus_gutenberg_icon_alignemt":"","sfsi_plus_gutenburg_max_per_row":"","footnotes":""},"categories":[11],"tags":[],"class_list":["post-159362","post","type-post","status-publish","format-standard","has-post-thumbnail","hentry","category-politica"],"_links":{"self":[{"href":"https:\/\/www.caririemacao.com\/1\/wp-json\/wp\/v2\/posts\/159362","targetHints":{"allow":["GET"]}}],"collection":[{"href":"https:\/\/www.caririemacao.com\/1\/wp-json\/wp\/v2\/posts"}],"about":[{"href":"https:\/\/www.caririemacao.com\/1\/wp-json\/wp\/v2\/types\/post"}],"author":[{"embeddable":true,"href":"https:\/\/www.caririemacao.com\/1\/wp-json\/wp\/v2\/users\/2"}],"replies":[{"embeddable":true,"href":"https:\/\/www.caririemacao.com\/1\/wp-json\/wp\/v2\/comments?post=159362"}],"version-history":[{"count":3,"href":"https:\/\/www.caririemacao.com\/1\/wp-json\/wp\/v2\/posts\/159362\/revisions"}],"predecessor-version":[{"id":159393,"href":"https:\/\/www.caririemacao.com\/1\/wp-json\/wp\/v2\/posts\/159362\/revisions\/159393"}],"wp:featuredmedia":[{"embeddable":true,"href":"https:\/\/www.caririemacao.com\/1\/wp-json\/wp\/v2\/media\/159363"}],"wp:attachment":[{"href":"https:\/\/www.caririemacao.com\/1\/wp-json\/wp\/v2\/media?parent=159362"}],"wp:term":[{"taxonomy":"category","embeddable":true,"href":"https:\/\/www.caririemacao.com\/1\/wp-json\/wp\/v2\/categories?post=159362"},{"taxonomy":"post_tag","embeddable":true,"href":"https:\/\/www.caririemacao.com\/1\/wp-json\/wp\/v2\/tags?post=159362"}],"curies":[{"name":"wp","href":"https:\/\/api.w.org\/{rel}","templated":true}]}}