{"id":159373,"date":"2020-03-21T09:57:36","date_gmt":"2020-03-21T12:57:36","guid":{"rendered":"http:\/\/www.caririemacao.com\/1\/?p=159373"},"modified":"2020-03-21T09:57:37","modified_gmt":"2020-03-21T12:57:37","slug":"coronavirus-governador-joao-azevedo-decreta-estado-de-calamidade-publica-na-paraiba","status":"publish","type":"post","link":"https:\/\/www.caririemacao.com\/1\/2020\/03\/21\/coronavirus-governador-joao-azevedo-decreta-estado-de-calamidade-publica-na-paraiba\/","title":{"rendered":"Coronav\u00edrus: governador Jo\u00e3o Azev\u00eado decreta estado de calamidade p\u00fablica na Para\u00edba"},"content":{"rendered":"\n<p>No fim da tarde desta sexta-fira (20), o governador da Para\u00edba, Jo\u00e3o Azev\u00eado (Cidadania), decretou estado de calamidade p\u00fablica na Para\u00edba. A medida foi adotada diante da pandemia do novo coronav\u00edrus.<\/p>\n\n\n\n<p>Ap\u00f3s a decis\u00e3o do governador, as autoridades de sa\u00fade est\u00e3o agora autorizadas a adotar medidas excepcionais necess\u00e1rias para combater \u00e0 dissemina\u00e7\u00e3o do Covid-19 em todo territ\u00f3rio paraibano.<\/p>\n\n\n\n<p>O texto foi encaminhado \u00e0 Assembleia Legislativa da Para\u00edba para que os parlamentares avaliem a proposta e apreciem pela aprova\u00e7\u00e3o.<\/p>\n\n\n\n<p><strong>N\u00daMEROS<\/strong><\/p>\n\n\n\n<p>De acordo com a Secretaria de Estado da Sa\u00fade, 187 casos suspeitos foram registrados pela Secretaria de Sa\u00fade, um foi confirmado e outros 40 descartados.<\/p>\n","protected":false},"excerpt":{"rendered":"<p>No fim da tarde desta sexta-fira (20), o governador da Para\u00edba, Jo\u00e3o Azev\u00eado (Cidadania), decretou estado de calamidade p\u00fablica na Para\u00edba. A medida foi adotada&hellip; <\/p>\n","protected":false},"author":2,"featured_media":148287,"comment_status":"closed","ping_status":"closed","sticky":false,"template":"","format":"standard","meta":{"sfsi_plus_gutenberg_text_before_share":"","sfsi_plus_gutenberg_show_text_before_share":"","sfsi_plus_gutenberg_icon_type":"","sfsi_plus_gutenberg_icon_alignemt":"","sfsi_plus_gutenburg_max_per_row":"","footnotes":""},"categories":[50,2],"tags":[],"class_list":["post-159373","post","type-post","status-publish","format-standard","has-post-thumbnail","hentry","category-destaque","category-geral"],"_links":{"self":[{"href":"https:\/\/www.caririemacao.com\/1\/wp-json\/wp\/v2\/posts\/159373","targetHints":{"allow":["GET"]}}],"collection":[{"href":"https:\/\/www.caririemacao.com\/1\/wp-json\/wp\/v2\/posts"}],"about":[{"href":"https:\/\/www.caririemacao.com\/1\/wp-json\/wp\/v2\/types\/post"}],"author":[{"embeddable":true,"href":"https:\/\/www.caririemacao.com\/1\/wp-json\/wp\/v2\/users\/2"}],"replies":[{"embeddable":true,"href":"https:\/\/www.caririemacao.com\/1\/wp-json\/wp\/v2\/comments?post=159373"}],"version-history":[{"count":1,"href":"https:\/\/www.caririemacao.com\/1\/wp-json\/wp\/v2\/posts\/159373\/revisions"}],"predecessor-version":[{"id":159374,"href":"https:\/\/www.caririemacao.com\/1\/wp-json\/wp\/v2\/posts\/159373\/revisions\/159374"}],"wp:featuredmedia":[{"embeddable":true,"href":"https:\/\/www.caririemacao.com\/1\/wp-json\/wp\/v2\/media\/148287"}],"wp:attachment":[{"href":"https:\/\/www.caririemacao.com\/1\/wp-json\/wp\/v2\/media?parent=159373"}],"wp:term":[{"taxonomy":"category","embeddable":true,"href":"https:\/\/www.caririemacao.com\/1\/wp-json\/wp\/v2\/categories?post=159373"},{"taxonomy":"post_tag","embeddable":true,"href":"https:\/\/www.caririemacao.com\/1\/wp-json\/wp\/v2\/tags?post=159373"}],"curies":[{"name":"wp","href":"https:\/\/api.w.org\/{rel}","templated":true}]}}