{"id":159376,"date":"2020-03-21T10:07:18","date_gmt":"2020-03-21T13:07:18","guid":{"rendered":"http:\/\/www.caririemacao.com\/1\/?p=159376"},"modified":"2020-03-21T10:07:21","modified_gmt":"2020-03-21T13:07:21","slug":"prefeitura-de-sume-suspende-temporariamente-todas-as-feiras-para-conter-avanco-do-coronavirus","status":"publish","type":"post","link":"https:\/\/www.caririemacao.com\/1\/2020\/03\/21\/prefeitura-de-sume-suspende-temporariamente-todas-as-feiras-para-conter-avanco-do-coronavirus\/","title":{"rendered":"Prefeitura de Sum\u00e9 suspende temporariamente todas as feiras para conter avan\u00e7o do Coronav\u00edrus"},"content":{"rendered":"\n<p>Visando proteger a popula\u00e7\u00e3o da contamina\u00e7\u00e3o do coronav\u00edrus (Covid-19) e considerando que o munic\u00edpio de Sum\u00e9 recebe um grande n\u00famero de pessoas do Pernambuco, Estado que tem apresentado crescente aumento do Covid 19,&nbsp; a Prefeitura de Sum\u00e9 comunica que todas as feiras livres da cidade est\u00e3o temporariamente suspensas, a partir desta segunda-feira (23). Sendo elas:<\/p>\n\n\n\n<p>I \u2013 Feira do mercado p\u00fablico municipal;<\/p>\n\n\n\n<p>II \u2013 Feira de gado;<\/p>\n\n\n\n<p>III \u2013 Feira de trocas.<\/p>\n\n\n\n<p>O prefeito \u00c9den pede a compreens\u00e3o de todos e ao mesmo tempo informa que essa \u00e9&nbsp;uma decis\u00e3o necess\u00e1ria para garantir a seguran\u00e7a e a sa\u00fade p\u00fablica dos feirantes e da popula\u00e7\u00e3o em geral.<\/p>\n\n\n\n<p>A medida est\u00e1 em conson\u00e2ncia com as recomenda\u00e7\u00f5es do Decreto Municipal, bem como com as do Governo da Para\u00edba e do Minist\u00e9rio da Sa\u00fade.<\/p>\n\n\n\n<p>ASCOM<\/p>\n","protected":false},"excerpt":{"rendered":"<p>Visando proteger a popula\u00e7\u00e3o da contamina\u00e7\u00e3o do coronav\u00edrus (Covid-19) e considerando que o munic\u00edpio de Sum\u00e9 recebe um grande n\u00famero de pessoas do Pernambuco, Estado&hellip; <\/p>\n","protected":false},"author":2,"featured_media":152134,"comment_status":"closed","ping_status":"closed","sticky":false,"template":"","format":"standard","meta":{"sfsi_plus_gutenberg_text_before_share":"","sfsi_plus_gutenberg_show_text_before_share":"","sfsi_plus_gutenberg_icon_type":"","sfsi_plus_gutenberg_icon_alignemt":"","sfsi_plus_gutenburg_max_per_row":"","footnotes":""},"categories":[50,2],"tags":[],"class_list":["post-159376","post","type-post","status-publish","format-standard","has-post-thumbnail","hentry","category-destaque","category-geral"],"_links":{"self":[{"href":"https:\/\/www.caririemacao.com\/1\/wp-json\/wp\/v2\/posts\/159376","targetHints":{"allow":["GET"]}}],"collection":[{"href":"https:\/\/www.caririemacao.com\/1\/wp-json\/wp\/v2\/posts"}],"about":[{"href":"https:\/\/www.caririemacao.com\/1\/wp-json\/wp\/v2\/types\/post"}],"author":[{"embeddable":true,"href":"https:\/\/www.caririemacao.com\/1\/wp-json\/wp\/v2\/users\/2"}],"replies":[{"embeddable":true,"href":"https:\/\/www.caririemacao.com\/1\/wp-json\/wp\/v2\/comments?post=159376"}],"version-history":[{"count":1,"href":"https:\/\/www.caririemacao.com\/1\/wp-json\/wp\/v2\/posts\/159376\/revisions"}],"predecessor-version":[{"id":159377,"href":"https:\/\/www.caririemacao.com\/1\/wp-json\/wp\/v2\/posts\/159376\/revisions\/159377"}],"wp:featuredmedia":[{"embeddable":true,"href":"https:\/\/www.caririemacao.com\/1\/wp-json\/wp\/v2\/media\/152134"}],"wp:attachment":[{"href":"https:\/\/www.caririemacao.com\/1\/wp-json\/wp\/v2\/media?parent=159376"}],"wp:term":[{"taxonomy":"category","embeddable":true,"href":"https:\/\/www.caririemacao.com\/1\/wp-json\/wp\/v2\/categories?post=159376"},{"taxonomy":"post_tag","embeddable":true,"href":"https:\/\/www.caririemacao.com\/1\/wp-json\/wp\/v2\/tags?post=159376"}],"curies":[{"name":"wp","href":"https:\/\/api.w.org\/{rel}","templated":true}]}}