{"id":159378,"date":"2020-03-21T10:52:01","date_gmt":"2020-03-21T13:52:01","guid":{"rendered":"http:\/\/www.caririemacao.com\/1\/?p=159378"},"modified":"2020-03-21T10:52:03","modified_gmt":"2020-03-21T13:52:03","slug":"prefeitura-de-monteiro-emite-novo-decreto-para-prevencao-ao-coronavirus","status":"publish","type":"post","link":"https:\/\/www.caririemacao.com\/1\/2020\/03\/21\/prefeitura-de-monteiro-emite-novo-decreto-para-prevencao-ao-coronavirus\/","title":{"rendered":"Prefeitura de Monteiro emite novo decreto para preven\u00e7\u00e3o ao Coronav\u00edrus"},"content":{"rendered":"\n<p>Na tarde desta sexta-feira, 20, a prefeita Anna Lorena assinou o decreto que disp\u00f5e sobre as novas normas para preven\u00e7\u00e3o do Coronav\u00edrus no munic\u00edpio de Monteiro, que passa a vigorar a partir desta segunda-feira, dia 23 de mar\u00e7o.<\/p>\n\n\n\n<p>De acordo com as novas decis\u00f5es os servidores do munic\u00edpio realizar\u00e3o seus trabalhos em sistema de rod\u00edzio, sem preju\u00edzos aos usu\u00e1rios dos servi\u00e7os, para reduzir a circula\u00e7\u00e3o de pessoas e a possibilidade de cont\u00e1gio nas unidades administrativas. A jornada de trabalho dos servidores ser\u00e3o reduzidas e o atendimento ao p\u00fablico acontecer\u00e1 das 07h \u00e0s 10h.<\/p>\n\n\n\n<p><strong>Ficam suspensos, no \u00e2mbito do Munic\u00edpio, pelo prazo de 30 dias:<\/strong>I \u2013 O funcionamento das casas de festas, eventos e parque de divers\u00f5es;<br>II \u2013 reuni\u00e3o de associa\u00e7\u00f5es, cooperativas e outras atividades similares;<br>III- O funcionamento das atividades comerciais no interior do Mercado P\u00fablico Municipal, com exce\u00e7\u00e3o da comercializa\u00e7\u00e3o de g\u00eaneros aliment\u00edcios;<br>IV \u2013 A realiza\u00e7\u00e3o das Feiras de Gado e de Trocas;<br>V- O com\u00e9rcio ambulante das pessoas n\u00e3o residentes no munic\u00edpio de Monteiro;<br>VI- A feira p\u00fablica, com exce\u00e7\u00e3o do com\u00e9rcio alimant\u00edcio.<\/p>\n\n\n\n<p>Com rela\u00e7\u00e3o ao com\u00e9rcio &nbsp;o decreto disp\u00f5e que fica reduzida a entrada no pr\u00e9dio do A\u00e7ougue P\u00fablico para no m\u00e1ximo 15 (quinze) clientes por vez, at\u00e9 ulterior delibera\u00e7\u00e3o.<\/p>\n\n\n\n<p>Para &nbsp;bares, espetinhos, pizzarias e restaurantes, fica determinado o funcionamento de forma presencial com o m\u00e1ximo de 50 % (cinq\u00fcenta por cento) da capacidade de receber clientes, &nbsp;e as atividades devem ser encerradas \u00e0s 21h.<\/p>\n\n\n\n<p>Fica vedada a abertura e funcionamento de Igrejas, Templos ou Similares, Teatros, Museus, Centros Culturais, Bibliotecas, Casas Noturnas, Academias, Centros &nbsp; de Treinamento, Centro de Gin\u00e1stica, Clubes Sociais e de Categorias, Estabelecimentos do Com\u00e9rcio e Servi\u00e7o em Geral, Brinquedotecas, Espa\u00e7os Kids, Playgrounds, Espa\u00e7os de Jogos, Inaugura\u00e7\u00f5es, Exposi\u00e7\u00f5es P\u00fablicas e Privadas, Congressos e Semin\u00e1rios, Shopping Centers, Centro de Com\u00e9rcio, Galerias de Lojas e outros afins.<\/p>\n\n\n\n<p>J\u00e1 os supermercados, mercadinhos e correlatos, poder\u00e3o abrir para o com\u00e9rcio de g\u00eaneros &nbsp;aliment\u00edcios e hortifrutigranjeiros.<\/p>\n\n\n\n<p>Ainda de acordo com o decreto, \u00e9 recomendado \u00e0 popula\u00e7\u00e3o como medida contra a pandemia, o isolamento social em casas, hot\u00e9is, pousadas e similares a come\u00e7ar das 21h, sendo fundamental a aus\u00eancia de pessoas nas ruas, a partir desse hor\u00e1rio, com exce\u00e7\u00e3o dos que estejam atendendo situa\u00e7\u00e3o de emerg\u00eancia, dos profissionais de seguran\u00e7a, de sa\u00fade ou o deslocamento excepcional a farm\u00e1cia ou unidade hospitalar.<\/p>\n\n\n\n<p><strong>Outras precau\u00e7\u00f5es est\u00e3o sendo adotadas com as seguintes medidas:<\/strong>I \u2013 Isolamento, assim considerado a separa\u00e7\u00e3o de pessoas e bens contaminados, transportes e bagagens no \u00e2mbito municipal, mercadorias e outros, com o objetivo de evitar a contamina\u00e7\u00e3o ou a propaga\u00e7\u00e3o do coronav\u00edrus;<br>II \u2013 Quarentena, assim considerada restri\u00e7\u00e3o de atividades ou separa\u00e7\u00e3o de pessoas suspeitas de contamina\u00e7\u00e3o das demais que n\u00e3o estejam doentes, ou ainda bagagens, cont\u00eaineres, animais e meios de transporte, no \u00e2mbito de sua compet\u00eancia, com o objetivo de evitar a poss\u00edvel contamina\u00e7\u00e3o ou a propaga\u00e7\u00e3o do coronav\u00edrus;<br>III- Auxilio de for\u00e7a policial para o cumprimento das medidas adotadas.<\/p>\n\n\n\n<p>\u201cTemos percebido que uma parte da popula\u00e7\u00e3o se mostra resistente \u00e0s not\u00edcias que recebem a respeito do Coronav\u00edrus. Temos que entender a gravidade desta pandemia, e tendo em vista o tamanho do nosso munic\u00edpio \u00e9 necess\u00e1rio que estas medidas sejam postas em pr\u00e1tica. Vamos pensar nos idosos e crian\u00e7as que s\u00e3o as pessoas mais suscet\u00edveis. Enfim, nossa administra\u00e7\u00e3o conta com o apoio e compreens\u00e3o de todos para que juntos possamos superar este momento de crise\u201d, disse a prefeita Anna Lorena.<strong>Utilidade P\u00fablica<br><\/strong>Para a popula\u00e7\u00e3o que tenha qualquer d\u00favida a cerca dos sintomas do Covid-19, est\u00e3o dispon\u00edveis os n\u00fameros: 136 (Disque Sa\u00fade) e 83.99146-9790 (Plant\u00e3o tira-d\u00favidas 24h) e Vigil\u00e2ncia em Sa\u00fade 996148796 \u2013 998013833.<em>Ascom PMM<\/em><\/p>\n","protected":false},"excerpt":{"rendered":"<p>Na tarde desta sexta-feira, 20, a prefeita Anna Lorena assinou o decreto que disp\u00f5e sobre as novas normas para preven\u00e7\u00e3o do Coronav\u00edrus no munic\u00edpio de&hellip; <\/p>\n","protected":false},"author":2,"featured_media":159379,"comment_status":"closed","ping_status":"closed","sticky":false,"template":"","format":"standard","meta":{"sfsi_plus_gutenberg_text_before_share":"","sfsi_plus_gutenberg_show_text_before_share":"","sfsi_plus_gutenberg_icon_type":"","sfsi_plus_gutenberg_icon_alignemt":"","sfsi_plus_gutenburg_max_per_row":"","footnotes":""},"categories":[6],"tags":[],"class_list":["post-159378","post","type-post","status-publish","format-standard","has-post-thumbnail","hentry","category-cidades"],"_links":{"self":[{"href":"https:\/\/www.caririemacao.com\/1\/wp-json\/wp\/v2\/posts\/159378","targetHints":{"allow":["GET"]}}],"collection":[{"href":"https:\/\/www.caririemacao.com\/1\/wp-json\/wp\/v2\/posts"}],"about":[{"href":"https:\/\/www.caririemacao.com\/1\/wp-json\/wp\/v2\/types\/post"}],"author":[{"embeddable":true,"href":"https:\/\/www.caririemacao.com\/1\/wp-json\/wp\/v2\/users\/2"}],"replies":[{"embeddable":true,"href":"https:\/\/www.caririemacao.com\/1\/wp-json\/wp\/v2\/comments?post=159378"}],"version-history":[{"count":1,"href":"https:\/\/www.caririemacao.com\/1\/wp-json\/wp\/v2\/posts\/159378\/revisions"}],"predecessor-version":[{"id":159380,"href":"https:\/\/www.caririemacao.com\/1\/wp-json\/wp\/v2\/posts\/159378\/revisions\/159380"}],"wp:featuredmedia":[{"embeddable":true,"href":"https:\/\/www.caririemacao.com\/1\/wp-json\/wp\/v2\/media\/159379"}],"wp:attachment":[{"href":"https:\/\/www.caririemacao.com\/1\/wp-json\/wp\/v2\/media?parent=159378"}],"wp:term":[{"taxonomy":"category","embeddable":true,"href":"https:\/\/www.caririemacao.com\/1\/wp-json\/wp\/v2\/categories?post=159378"},{"taxonomy":"post_tag","embeddable":true,"href":"https:\/\/www.caririemacao.com\/1\/wp-json\/wp\/v2\/tags?post=159378"}],"curies":[{"name":"wp","href":"https:\/\/api.w.org\/{rel}","templated":true}]}}