{"id":159384,"date":"2020-03-21T10:53:13","date_gmt":"2020-03-21T13:53:13","guid":{"rendered":"http:\/\/www.caririemacao.com\/1\/?p=159384"},"modified":"2020-03-21T10:53:15","modified_gmt":"2020-03-21T13:53:15","slug":"decreto-do-fechamento-do-comercio-na-pb-comeca-a-valer-a-0h-deste-sabado","status":"publish","type":"post","link":"https:\/\/www.caririemacao.com\/1\/2020\/03\/21\/decreto-do-fechamento-do-comercio-na-pb-comeca-a-valer-a-0h-deste-sabado\/","title":{"rendered":"Decreto do fechamento do com\u00e9rcio na PB come\u00e7a a valer \u00e0 0h deste s\u00e1bado"},"content":{"rendered":"\n<p>Inicia \u00e0s 0h deste domingo (22) decreto de Situa\u00e7\u00e3o de Emerg\u00eancia do governador Jo\u00e3o Azev\u00eado (Cidadania) com medidas em rela\u00e7\u00e3o ao com\u00e9rcio contra o coronav\u00edrus na Para\u00edba.<\/p>\n\n\n\n<p>As medidas atingem academias, gin\u00e1sios e centros esportivos p\u00fablicos e privados;<\/p>\n\n\n\n<p>Shopping, centros e galerias comerciais, bares, restaurantes, casas de festas, casas noturnas, boates e estabelecimentos similares;<\/p>\n\n\n\n<p>Cinemas, teatros, circos, parques de divers\u00e3o e estabelecimentos cong\u00eaneres, p\u00fablicos e privados;<\/p>\n\n\n\n<p>Ag\u00eancias banc\u00e1rias, e casas lot\u00e9ricas;<\/p>\n\n\n\n<p>Lojas ou estabelecimentos que pratiquem o com\u00e9rcio;<\/p>\n\n\n\n<p>Embarca\u00e7\u00f5es tur\u00edsticas, de esporte e lazer, em todo o litoral paraibano.<\/p>\n\n\n\n<p><em>Mais PB \u2013 Foto: Marcelo Camargo\/Ag\u00eancia Brasil\/EBC<\/em><\/p>\n","protected":false},"excerpt":{"rendered":"<p>Inicia \u00e0s 0h deste domingo (22) decreto de Situa\u00e7\u00e3o de Emerg\u00eancia do governador Jo\u00e3o Azev\u00eado (Cidadania) com medidas em rela\u00e7\u00e3o ao com\u00e9rcio contra o coronav\u00edrus&hellip; <\/p>\n","protected":false},"author":2,"featured_media":159385,"comment_status":"closed","ping_status":"closed","sticky":false,"template":"","format":"standard","meta":{"sfsi_plus_gutenberg_text_before_share":"","sfsi_plus_gutenberg_show_text_before_share":"","sfsi_plus_gutenberg_icon_type":"","sfsi_plus_gutenberg_icon_alignemt":"","sfsi_plus_gutenburg_max_per_row":"","footnotes":""},"categories":[2],"tags":[],"class_list":["post-159384","post","type-post","status-publish","format-standard","has-post-thumbnail","hentry","category-geral"],"_links":{"self":[{"href":"https:\/\/www.caririemacao.com\/1\/wp-json\/wp\/v2\/posts\/159384","targetHints":{"allow":["GET"]}}],"collection":[{"href":"https:\/\/www.caririemacao.com\/1\/wp-json\/wp\/v2\/posts"}],"about":[{"href":"https:\/\/www.caririemacao.com\/1\/wp-json\/wp\/v2\/types\/post"}],"author":[{"embeddable":true,"href":"https:\/\/www.caririemacao.com\/1\/wp-json\/wp\/v2\/users\/2"}],"replies":[{"embeddable":true,"href":"https:\/\/www.caririemacao.com\/1\/wp-json\/wp\/v2\/comments?post=159384"}],"version-history":[{"count":1,"href":"https:\/\/www.caririemacao.com\/1\/wp-json\/wp\/v2\/posts\/159384\/revisions"}],"predecessor-version":[{"id":159386,"href":"https:\/\/www.caririemacao.com\/1\/wp-json\/wp\/v2\/posts\/159384\/revisions\/159386"}],"wp:featuredmedia":[{"embeddable":true,"href":"https:\/\/www.caririemacao.com\/1\/wp-json\/wp\/v2\/media\/159385"}],"wp:attachment":[{"href":"https:\/\/www.caririemacao.com\/1\/wp-json\/wp\/v2\/media?parent=159384"}],"wp:term":[{"taxonomy":"category","embeddable":true,"href":"https:\/\/www.caririemacao.com\/1\/wp-json\/wp\/v2\/categories?post=159384"},{"taxonomy":"post_tag","embeddable":true,"href":"https:\/\/www.caririemacao.com\/1\/wp-json\/wp\/v2\/tags?post=159384"}],"curies":[{"name":"wp","href":"https:\/\/api.w.org\/{rel}","templated":true}]}}