{"id":159402,"date":"2020-03-21T13:42:11","date_gmt":"2020-03-21T16:42:11","guid":{"rendered":"http:\/\/www.caririemacao.com\/1\/?p=159402"},"modified":"2020-03-21T13:42:12","modified_gmt":"2020-03-21T16:42:12","slug":"comite-olimpico-brasileiro-sugere-adiamento-dos-jogos-de-toquio","status":"publish","type":"post","link":"https:\/\/www.caririemacao.com\/1\/2020\/03\/21\/comite-olimpico-brasileiro-sugere-adiamento-dos-jogos-de-toquio\/","title":{"rendered":"Comit\u00ea Ol\u00edmpico Brasileiro sugere adiamento dos Jogos de T\u00f3quio"},"content":{"rendered":"\n<p>O COB (Comit\u00ea Ol\u00edmpico do Brasil) passou a defender, na manh\u00e3 deste s\u00e1bado (21), que os Jogos Ol\u00edmpicos de T\u00f3quio sejam adiados por um ano.<\/p>\n\n\n\n<p>\u201cA posi\u00e7\u00e3o do COB se d\u00e1 por conta do not\u00f3rio agravamento da pandemia da Covid-19, que j\u00e1 infectou 250 mil pessoas em todo o mundo, e pela consequente dificuldade dos atletas de manterem seu melhor n\u00edvel competitivo pela necessidade de paralisa\u00e7\u00e3o dos treinos e competi\u00e7\u00f5es em escala global\u201d, diz a nota oficial da entidade.<\/p>\n\n\n\n<p>No fim da tarde de sexta, o comit\u00ea j\u00e1 havia manifestado sua preocupa\u00e7\u00e3o com a doen\u00e7a e a dificuldade que atletas est\u00e3o enfrentando para se \u201cprepararem da melhor forma\u201d para os Jogos, conforme recomenda\u00e7\u00e3o dada pelo COI (Comit\u00ea Ol\u00edmpico Internacional) e seu presidente, Thomas Bach, na \u00faltima quarta (18).<\/p>\n\n\n\n<p>A entidade m\u00e1xima do esporte ol\u00edmpico defende que ainda \u00e9 cedo para tomar o que chamou de \u201cmedidas dr\u00e1sticas\u201d e por enquanto sustenta que a Olimp\u00edada do Jap\u00e3o ter\u00e1 sua cerim\u00f4nia de abertura no dia 24 de julho.<\/p>\n\n\n\n<p>\u201cComo judoca e ex-t\u00e9cnico da modalidade, aprendi que o sonho de todo atleta \u00e9 disputar os Jogos Ol\u00edmpicos em suas melhores condi\u00e7\u00f5es. Est\u00e1 claro que, neste momento, manter os Jogos para este ano impedir\u00e1 que esse sonho seja realizado em sua plenitude\u201d, afirma o presidente do COB, Paulo Wanderley.<\/p>\n\n\n\n<p>O COB adota um tom diplom\u00e1tico para manifestar sua discord\u00e2ncia com rela\u00e7\u00e3o \u00e0 posi\u00e7\u00e3o do COI neste momento e \u201cressalta que a sugest\u00e3o de adiamento em nada altera a confian\u00e7a da entidade no Comit\u00ea Ol\u00edmpico Internacional\u201d.<\/p>\n\n\n\n<p>\u201cO COI j\u00e1 passou por problemas imensos anteriormente, como nos epis\u00f3dios que culminaram no cancelamento dos Jogos de 1916, 1940 e 1944, por conta das Guerras Mundiais, e nos boicotes de Moscou-1980 e Los Angeles-1984\u201d, diz Paulo Wanderley. \u201cTenho certeza de que o Thomas Bach, atleta medalha de ouro em Montreal 1976, est\u00e1 plenamente preparado para nos liderar neste momento de dificuldade.\u201d<\/p>\n\n\n\n<p>Na sexta, em entrevista \u00e0 Folha, o presidente do Comit\u00ea Paral\u00edmpico Brasileiro, Mizael Conrado, j\u00e1 havia defendido o adiamento por um ano dos Jogos Ol\u00edmpicos e Paraol\u00edmpicos de T\u00f3quio.<\/p>\n\n\n\n<p>Entidades internacionais, como os comit\u00eas ol\u00edmpicos da Espanha e da Noruega, assim como a USA Swimming (federa\u00e7\u00e3o de nata\u00e7\u00e3o dos EUA), tamb\u00e9m j\u00e1 se manifestaram oficialmente pelo adiamento.<\/p>\n","protected":false},"excerpt":{"rendered":"<p>O COB (Comit\u00ea Ol\u00edmpico do Brasil) passou a defender, na manh\u00e3 deste s\u00e1bado (21), que os Jogos Ol\u00edmpicos de T\u00f3quio sejam adiados por um ano.&hellip; <\/p>\n","protected":false},"author":2,"featured_media":159403,"comment_status":"closed","ping_status":"closed","sticky":false,"template":"","format":"standard","meta":{"sfsi_plus_gutenberg_text_before_share":"","sfsi_plus_gutenberg_show_text_before_share":"","sfsi_plus_gutenberg_icon_type":"","sfsi_plus_gutenberg_icon_alignemt":"","sfsi_plus_gutenburg_max_per_row":"","footnotes":""},"categories":[13],"tags":[],"class_list":["post-159402","post","type-post","status-publish","format-standard","has-post-thumbnail","hentry","category-esportes"],"_links":{"self":[{"href":"https:\/\/www.caririemacao.com\/1\/wp-json\/wp\/v2\/posts\/159402","targetHints":{"allow":["GET"]}}],"collection":[{"href":"https:\/\/www.caririemacao.com\/1\/wp-json\/wp\/v2\/posts"}],"about":[{"href":"https:\/\/www.caririemacao.com\/1\/wp-json\/wp\/v2\/types\/post"}],"author":[{"embeddable":true,"href":"https:\/\/www.caririemacao.com\/1\/wp-json\/wp\/v2\/users\/2"}],"replies":[{"embeddable":true,"href":"https:\/\/www.caririemacao.com\/1\/wp-json\/wp\/v2\/comments?post=159402"}],"version-history":[{"count":1,"href":"https:\/\/www.caririemacao.com\/1\/wp-json\/wp\/v2\/posts\/159402\/revisions"}],"predecessor-version":[{"id":159404,"href":"https:\/\/www.caririemacao.com\/1\/wp-json\/wp\/v2\/posts\/159402\/revisions\/159404"}],"wp:featuredmedia":[{"embeddable":true,"href":"https:\/\/www.caririemacao.com\/1\/wp-json\/wp\/v2\/media\/159403"}],"wp:attachment":[{"href":"https:\/\/www.caririemacao.com\/1\/wp-json\/wp\/v2\/media?parent=159402"}],"wp:term":[{"taxonomy":"category","embeddable":true,"href":"https:\/\/www.caririemacao.com\/1\/wp-json\/wp\/v2\/categories?post=159402"},{"taxonomy":"post_tag","embeddable":true,"href":"https:\/\/www.caririemacao.com\/1\/wp-json\/wp\/v2\/tags?post=159402"}],"curies":[{"name":"wp","href":"https:\/\/api.w.org\/{rel}","templated":true}]}}