{"id":159406,"date":"2020-03-21T13:44:59","date_gmt":"2020-03-21T16:44:59","guid":{"rendered":"http:\/\/www.caririemacao.com\/1\/?p=159406"},"modified":"2020-03-21T13:45:02","modified_gmt":"2020-03-21T16:45:02","slug":"mortes-por-coronavirus-passam-de-10-mil-no-mundo","status":"publish","type":"post","link":"https:\/\/www.caririemacao.com\/1\/2020\/03\/21\/mortes-por-coronavirus-passam-de-10-mil-no-mundo\/","title":{"rendered":"Mortes por coronav\u00edrus passam de 10 mil no mundo"},"content":{"rendered":"\n<p>Mais de 220 mil foram infectados e mais de 10 mil morreram por causa do novo coronav\u00edrus, o Sars-Cov-2, em todo o mundo, de acordo com a universidade americana Johns Hopkins.<\/p>\n\n\n\n<p>Nos Estados Unidos, 44 milh\u00f5es de moradores da Calif\u00f3rnia foram orientados a n\u00e3o deixar suas casas para evitar a propaga\u00e7\u00e3o do v\u00edrus. Essa \u00e9 a primeira iniciativa desse tipo em territ\u00f3rio americano. No pa\u00eds inteiro, mais de 14 mil foram infectados, ainda segundo a universidade.<br>Ruas desertas em Los Angeles, na Calif\u00f3rnia \u2014 Foto: David Crane\/The Orange County Register\/SCNG via AP Ruas desertas em Los Angeles, na Calif\u00f3rnia \u2014 Foto: David Crane\/The Orange County Register\/SCNG via AP<\/p>\n\n\n\n<p>Ruas desertas em Los Angeles, na Calif\u00f3rnia \u2014 Foto: David Crane\/The Orange County Register\/SCNG via AP<\/p>\n\n\n\n<p>&nbsp;&nbsp;&nbsp; PANDEMIA: veja quais pa\u00edses j\u00e1 registraram casos da doen\u00e7a<br>&nbsp;&nbsp;&nbsp; GUIA ILUSTRADO: sintomas, transmiss\u00e3o e preven\u00e7\u00e3o<br>&nbsp;&nbsp;&nbsp; CORONAV\u00cdRUS: veja perguntas e respostas<\/p>\n\n\n\n<p>A Austr\u00e1lia decidiu fechar os acessos a comunidades abor\u00edgenes remotas com o objetivo de evitar que o Covid-19 atinja popula\u00e7\u00f5es vulner\u00e1veis, que poderiam ser devastadas rapidamente.<\/p>\n\n\n\n<p>As autoridades australianas tamb\u00e9m est\u00e3o rastreando mais de 2,6 mil pessoas que desembarcaram de um navio da Ruby Princess na quinta-feira (19), depois que tr\u00eas passageiros e um membro da tripula\u00e7\u00e3o tiveram resultado positivo para Covid-19, a doen\u00e7a provada pelo novo coronav\u00edrus.<\/p>\n\n\n\n<p>Todos os passageiros foram convidados a passar 14 dias em quarentena em casa, mas as autoridades querem que elas sejam informadas de que foram registrados casos da doen\u00e7a entre os que estavam no cruzeiro.<br>Coronav\u00edrus: quais os sintomas e quando devo procurar um m\u00e9dico?<\/p>\n\n\n\n<p>Coronav\u00edrus: quais os sintomas e quando devo procurar um m\u00e9dico?<\/p>\n\n\n\n<p>S\u00c9RIE DE V\u00cdDEOS: coronav\u00edrus, perguntas e respostas<\/p>\n\n\n\n<p>Mortes no Ir\u00e3 e Espanha<\/p>\n\n\n\n<p>Terceiro pa\u00eds no mundo com mais infectados pelo novo coronav\u00edrus, o Ir\u00e3 anunciou que o n\u00famero de mortos pela doen\u00e7a aumentou 149 nesta sexta-feira, chegando a 1.433 v\u00edtimas fatais. A informa\u00e7\u00e3o, divulgada por um porta-voz do Minist\u00e9rio da Sa\u00fade, vai de encontro aos n\u00fameros alarmantes no pa\u00eds: s\u00e3o mais de 19 mil infectados, atr\u00e1s apenas de China e It\u00e1lia.<\/p>\n\n\n\n<p>A Espanha chegou ao n\u00famero de 1.002 mortos em decorr\u00eancia da Covid-19. J\u00e1 s\u00e3o quase 20 mil infectados no pa\u00eds, de acordo com dados do Minist\u00e9rio da Sa\u00fade espanhol. \u00c9 o quarto pa\u00eds na lista dos mais infectados com a doen\u00e7a, abaixo apenas dos tr\u00eas citados acima. Houve um aumento de 30% nas mortes nas \u00faltimas 24 horas, com novas 235 v\u00edtimas fatais.<\/p>\n\n\n\n<p>Restri\u00e7\u00f5es e mudan\u00e7as ampliadas<\/p>\n\n\n\n<p>A \u00c1ustria ampliou as medidas restritivas no pa\u00eds at\u00e9 o dia 13 de abril. O an\u00fancio foi feito pelo chanceler Sebastian Kurz. O pa\u00eds j\u00e1 registrou mais de 2.200 casos do Covid-19 e seis mortes pela pandemia global. As severas medidas de restri\u00e7\u00e3o de circula\u00e7\u00e3o come\u00e7aram na \u00faltima segunda-feira, em resposta ao aumento dos casos no pa\u00eds.<\/p>\n\n\n\n<p>O Pal\u00e1cio de Buckingham anunciou que a cerim\u00f4nia de troca de guarda nos pal\u00e1cios da Rainha Elizabeth II foi adiada e ainda n\u00e3o tem nova data para acontecer, na tentativa tamb\u00e9m de conter o avan\u00e7o do surto de Covid-19.<\/p>\n","protected":false},"excerpt":{"rendered":"<p>Mais de 220 mil foram infectados e mais de 10 mil morreram por causa do novo coronav\u00edrus, o Sars-Cov-2, em todo o mundo, de acordo&hellip; <\/p>\n","protected":false},"author":2,"featured_media":156135,"comment_status":"closed","ping_status":"closed","sticky":false,"template":"","format":"standard","meta":{"sfsi_plus_gutenberg_text_before_share":"","sfsi_plus_gutenberg_show_text_before_share":"","sfsi_plus_gutenberg_icon_type":"","sfsi_plus_gutenberg_icon_alignemt":"","sfsi_plus_gutenburg_max_per_row":"","footnotes":""},"categories":[2],"tags":[],"class_list":["post-159406","post","type-post","status-publish","format-standard","has-post-thumbnail","hentry","category-geral"],"_links":{"self":[{"href":"https:\/\/www.caririemacao.com\/1\/wp-json\/wp\/v2\/posts\/159406","targetHints":{"allow":["GET"]}}],"collection":[{"href":"https:\/\/www.caririemacao.com\/1\/wp-json\/wp\/v2\/posts"}],"about":[{"href":"https:\/\/www.caririemacao.com\/1\/wp-json\/wp\/v2\/types\/post"}],"author":[{"embeddable":true,"href":"https:\/\/www.caririemacao.com\/1\/wp-json\/wp\/v2\/users\/2"}],"replies":[{"embeddable":true,"href":"https:\/\/www.caririemacao.com\/1\/wp-json\/wp\/v2\/comments?post=159406"}],"version-history":[{"count":1,"href":"https:\/\/www.caririemacao.com\/1\/wp-json\/wp\/v2\/posts\/159406\/revisions"}],"predecessor-version":[{"id":159407,"href":"https:\/\/www.caririemacao.com\/1\/wp-json\/wp\/v2\/posts\/159406\/revisions\/159407"}],"wp:featuredmedia":[{"embeddable":true,"href":"https:\/\/www.caririemacao.com\/1\/wp-json\/wp\/v2\/media\/156135"}],"wp:attachment":[{"href":"https:\/\/www.caririemacao.com\/1\/wp-json\/wp\/v2\/media?parent=159406"}],"wp:term":[{"taxonomy":"category","embeddable":true,"href":"https:\/\/www.caririemacao.com\/1\/wp-json\/wp\/v2\/categories?post=159406"},{"taxonomy":"post_tag","embeddable":true,"href":"https:\/\/www.caririemacao.com\/1\/wp-json\/wp\/v2\/tags?post=159406"}],"curies":[{"name":"wp","href":"https:\/\/api.w.org\/{rel}","templated":true}]}}