{"id":159411,"date":"2020-03-21T13:57:55","date_gmt":"2020-03-21T16:57:55","guid":{"rendered":"http:\/\/www.caririemacao.com\/1\/?p=159411"},"modified":"2020-03-21T13:57:57","modified_gmt":"2020-03-21T16:57:57","slug":"informacao-de-caso-de-coronavirus-confirmado-em-zabele-e-falsa","status":"publish","type":"post","link":"https:\/\/www.caririemacao.com\/1\/2020\/03\/21\/informacao-de-caso-de-coronavirus-confirmado-em-zabele-e-falsa\/","title":{"rendered":"Informa\u00e7\u00e3o de caso de coronav\u00edrus confirmado em Zabel\u00ea \u00e9 falsa"},"content":{"rendered":"\n<p>Em meio ao surto de Coronav\u00edrus a desinforma\u00e7\u00e3o \u00e9 algo que preocupa a popula\u00e7\u00e3o, muitas vezes formulada e compartilhada de forma irrespons\u00e1vel provoca p\u00e2nico nas pessoa que recebem e repassam esse tipo de informa\u00e7\u00e3o. <\/p>\n\n\n\n<p>Em uma semana est\u00e1 \u00e9 a segunda vez que a informa\u00e7\u00e3o \u00e9 disseminada na regi\u00e3o de poss\u00edvel casos confirmados de coronav\u00edrus, as mensagens de texto e \u00e1udios que circulam no Whatsapp d\u00e3o conta que um paciente estaria contaminado com o v\u00edrus e seria da cidade de Zabel\u00ea.<ins><\/ins><\/p>\n\n\n\n<p>Entramos em contato com o secretario de sa\u00fade da cidade, Laylson, que informou que um paciente foi encaminhado ao Hospital Regional Santa Filomena de Monteiro e foi avaliado pela equipe m\u00e9dica que descartou ser coronav\u00edrus, exames para suspeita de pneumonia foram realizados, o paciente est\u00e1 gripado e segue em observa\u00e7\u00e3o e dever\u00e1 ser encaminhado para casa nas pr\u00f3ximas horas onde ficar\u00e1 de quarentena.<\/p>\n\n\n\n<p>A orienta\u00e7\u00e3o \u00e9 para que toda a popula\u00e7\u00e3o fique de quarentena em casa e s\u00f3 saia quando realmente for necess\u00e1rio. As pessoas podem aumentar o consumo de vitamina C para evitar se resfriar, consumindo laranja e acerola por exemplo.<\/p>\n","protected":false},"excerpt":{"rendered":"<p>Em meio ao surto de Coronav\u00edrus a desinforma\u00e7\u00e3o \u00e9 algo que preocupa a popula\u00e7\u00e3o, muitas vezes formulada e compartilhada de forma irrespons\u00e1vel provoca p\u00e2nico nas&hellip; <\/p>\n","protected":false},"author":2,"featured_media":159414,"comment_status":"closed","ping_status":"closed","sticky":false,"template":"","format":"standard","meta":{"sfsi_plus_gutenberg_text_before_share":"","sfsi_plus_gutenberg_show_text_before_share":"","sfsi_plus_gutenberg_icon_type":"","sfsi_plus_gutenberg_icon_alignemt":"","sfsi_plus_gutenburg_max_per_row":"","footnotes":""},"categories":[2],"tags":[],"class_list":["post-159411","post","type-post","status-publish","format-standard","has-post-thumbnail","hentry","category-geral"],"_links":{"self":[{"href":"https:\/\/www.caririemacao.com\/1\/wp-json\/wp\/v2\/posts\/159411","targetHints":{"allow":["GET"]}}],"collection":[{"href":"https:\/\/www.caririemacao.com\/1\/wp-json\/wp\/v2\/posts"}],"about":[{"href":"https:\/\/www.caririemacao.com\/1\/wp-json\/wp\/v2\/types\/post"}],"author":[{"embeddable":true,"href":"https:\/\/www.caririemacao.com\/1\/wp-json\/wp\/v2\/users\/2"}],"replies":[{"embeddable":true,"href":"https:\/\/www.caririemacao.com\/1\/wp-json\/wp\/v2\/comments?post=159411"}],"version-history":[{"count":1,"href":"https:\/\/www.caririemacao.com\/1\/wp-json\/wp\/v2\/posts\/159411\/revisions"}],"predecessor-version":[{"id":159415,"href":"https:\/\/www.caririemacao.com\/1\/wp-json\/wp\/v2\/posts\/159411\/revisions\/159415"}],"wp:featuredmedia":[{"embeddable":true,"href":"https:\/\/www.caririemacao.com\/1\/wp-json\/wp\/v2\/media\/159414"}],"wp:attachment":[{"href":"https:\/\/www.caririemacao.com\/1\/wp-json\/wp\/v2\/media?parent=159411"}],"wp:term":[{"taxonomy":"category","embeddable":true,"href":"https:\/\/www.caririemacao.com\/1\/wp-json\/wp\/v2\/categories?post=159411"},{"taxonomy":"post_tag","embeddable":true,"href":"https:\/\/www.caririemacao.com\/1\/wp-json\/wp\/v2\/tags?post=159411"}],"curies":[{"name":"wp","href":"https:\/\/api.w.org\/{rel}","templated":true}]}}