{"id":159419,"date":"2020-03-21T14:02:53","date_gmt":"2020-03-21T17:02:53","guid":{"rendered":"http:\/\/www.caririemacao.com\/1\/?p=159419"},"modified":"2020-03-21T14:02:56","modified_gmt":"2020-03-21T17:02:56","slug":"quais-sao-os-remedios-cotados-para-combater-o-coronavirus","status":"publish","type":"post","link":"https:\/\/www.caririemacao.com\/1\/2020\/03\/21\/quais-sao-os-remedios-cotados-para-combater-o-coronavirus\/","title":{"rendered":"Quais s\u00e3o os rem\u00e9dios cotados para combater o coronav\u00edrus"},"content":{"rendered":"\n<p>O combate \u00e0&nbsp;Covid-19&nbsp;ocorre em tr\u00eas frentes. As duas primeiras s\u00e3o as mais conhecidas. De um lado, governos tomam medidas para conter a prolifera\u00e7\u00e3o do novo coronav\u00edrus. Do outro, agentes de sa\u00fade d\u00e3o assist\u00eancia aos contaminados. Mas \u00e9 na terceira que residem as esperan\u00e7as da popula\u00e7\u00e3o mundial. Cientistas trabalham para desenvolver&nbsp;vacinas e tratamentos&nbsp;contra a doen\u00e7a. E j\u00e1 h\u00e1 resultados considerados promissores.<\/p>\n\n\n\n<p>O presidente dos Estados Unidos, Donald Trump est\u00e1 entre os otimistas. Nesta quinta (19), em coletiva na qual anunciou a elimina\u00e7\u00e3o de barreiras burocr\u00e1ticas para acelerar a libera\u00e7\u00e3o de rem\u00e9dios, ele afirmou que o pa\u00eds est\u00e1 dando passos animadores e citou dois medicamentos. Um deles \u00e9 a&nbsp;hidroxicloroquina<strong>.<\/strong>&nbsp;Em um estudo na Fran\u00e7a, 100% dos pacientes contaminados ficaram curados ap\u00f3s seis dias de tratamento com a medica\u00e7\u00e3o combinada com Azitromicina.<\/p>\n\n\n\n<p>A hidroxicloroquina \u00e9 usada no tratamento contra alguns tipos de mal\u00e1ria e doen\u00e7as reumatol\u00f3gicas. Como os estudos foram pequenos, \u00e9 necess\u00e1rio passar por mais testes. Agora, eles ser\u00e3o realizados pela Food and Drugs Administration (FDA), dos Estados Unidos. A droga, por sinal, est\u00e1 dentro do foco da entidade, que prioriza medicamentos j\u00e1 testados &#8212; ou seja, com n\u00edveis de seguran\u00e7a j\u00e1 conhecidos.<\/p>\n\n\n\n<p>O outro medicamento citado por Trump foi o&nbsp;Remdesivir, e \u00e9 considerado ainda mais promissor. H\u00e1 uma semana, um homem de 48 anos recebeu alta 22 dias depois de ter sido infectado com o novo coronav\u00edrus. Ele recebeu o tratamento por via intravenosa durante dez dias. O f\u00e1rmaco deixou a Organiza\u00e7\u00e3o Mundial da Sa\u00fade (OMS) empolgada.<\/p>\n\n\n\n<p>O antiviral foi criado pela companhia americana Gilead para combater o Ebola. Mas n\u00e3o apresentou resultados expressivos. Acabou se revelando promissor quando testado em pacientes com o novo coronav\u00edrus na China e, em seguida, na Fran\u00e7a e nos Estados Unidos. Se mantiver os bons resultados, a expectativa \u00e9 de que o tratamento esteja disponibilizado nos pr\u00f3ximos meses, segundo a pr\u00f3pria OMC.<\/p>\n\n\n\n<p>Em tempos de afli\u00e7\u00e3o, a ci\u00eancia traz outras boas not\u00edcias. Uma delas s\u00e3o os estudos realizados com o&nbsp;Favirapir. O medicamento, mais conhecido no Jap\u00e3o com o nome de Avigan, \u00e9 usado contra a Influenza. Os testes foram realizados na China. Depois de quatro dias, pacientes que foram tratados com o medicamento apresentaram negativo para o novo coronav\u00edrus.<\/p>\n\n\n\n<p>Dentre os medicamentos testados contra a pandemia, um dos mais conhecidos no Brasil \u00e9 o&nbsp;Lopinavir\/Ritonavir. Ele foi muito popular no pa\u00eds at\u00e9 os anos 1990, pois fazia parte do coquetel usado para tratar o HIV. S\u00e3o chamados pelo nome de kaletra. No entanto, em quadros mais severos de Covid-19, os testes n\u00e3o fizeram efeito.<\/p>\n\n\n\n<p>Por se tratar de medicamentos j\u00e1 conhecidos, \u00e9 importante destacar que a automedica\u00e7\u00e3o n\u00e3o \u00e9 recomendada. Afinal, nenhuma das pesquisas ainda foi conclu\u00edda. Logo, n\u00e3o h\u00e1 um conhecimento pleno sobre sua efic\u00e1cia e nem sobre os poss\u00edveis efeitos colaterais.<\/p>\n\n\n\n<p>Enquanto as pesquisas por tratamentos avan\u00e7am, a busca pela t\u00e3o aguardada vacina para evitar o cont\u00e1gio caminha de forma mais lenta. A declara\u00e7\u00e3o dada nesta quinta por David Loew, vice-presidente da Sanofi Pasteur (l\u00edder mundial em produ\u00e7\u00e3o de vacinas), mostra que ser\u00e1 preciso paci\u00eancia.<br>&#8220;Nossa estimativa e de que levar\u00e1, no m\u00ednimo, de 12 a 18 meses para que uma vacina esteja dispon\u00edvel no mercado&#8221;.<\/p>\n","protected":false},"excerpt":{"rendered":"<p>O combate \u00e0&nbsp;Covid-19&nbsp;ocorre em tr\u00eas frentes. As duas primeiras s\u00e3o as mais conhecidas. De um lado, governos tomam medidas para conter a prolifera\u00e7\u00e3o do novo&hellip; <\/p>\n","protected":false},"author":2,"featured_media":31935,"comment_status":"closed","ping_status":"closed","sticky":false,"template":"","format":"standard","meta":{"sfsi_plus_gutenberg_text_before_share":"","sfsi_plus_gutenberg_show_text_before_share":"","sfsi_plus_gutenberg_icon_type":"","sfsi_plus_gutenberg_icon_alignemt":"","sfsi_plus_gutenburg_max_per_row":"","footnotes":""},"categories":[16],"tags":[],"class_list":["post-159419","post","type-post","status-publish","format-standard","has-post-thumbnail","hentry","category-saude"],"_links":{"self":[{"href":"https:\/\/www.caririemacao.com\/1\/wp-json\/wp\/v2\/posts\/159419","targetHints":{"allow":["GET"]}}],"collection":[{"href":"https:\/\/www.caririemacao.com\/1\/wp-json\/wp\/v2\/posts"}],"about":[{"href":"https:\/\/www.caririemacao.com\/1\/wp-json\/wp\/v2\/types\/post"}],"author":[{"embeddable":true,"href":"https:\/\/www.caririemacao.com\/1\/wp-json\/wp\/v2\/users\/2"}],"replies":[{"embeddable":true,"href":"https:\/\/www.caririemacao.com\/1\/wp-json\/wp\/v2\/comments?post=159419"}],"version-history":[{"count":1,"href":"https:\/\/www.caririemacao.com\/1\/wp-json\/wp\/v2\/posts\/159419\/revisions"}],"predecessor-version":[{"id":159420,"href":"https:\/\/www.caririemacao.com\/1\/wp-json\/wp\/v2\/posts\/159419\/revisions\/159420"}],"wp:featuredmedia":[{"embeddable":true,"href":"https:\/\/www.caririemacao.com\/1\/wp-json\/wp\/v2\/media\/31935"}],"wp:attachment":[{"href":"https:\/\/www.caririemacao.com\/1\/wp-json\/wp\/v2\/media?parent=159419"}],"wp:term":[{"taxonomy":"category","embeddable":true,"href":"https:\/\/www.caririemacao.com\/1\/wp-json\/wp\/v2\/categories?post=159419"},{"taxonomy":"post_tag","embeddable":true,"href":"https:\/\/www.caririemacao.com\/1\/wp-json\/wp\/v2\/tags?post=159419"}],"curies":[{"name":"wp","href":"https:\/\/api.w.org\/{rel}","templated":true}]}}