{"id":159423,"date":"2020-03-21T14:38:28","date_gmt":"2020-03-21T17:38:28","guid":{"rendered":"http:\/\/www.caririemacao.com\/1\/?p=159423"},"modified":"2020-03-21T14:38:30","modified_gmt":"2020-03-21T17:38:30","slug":"paraiba-bancada-se-reune-e-decide-liberar-r-300-milhoes","status":"publish","type":"post","link":"https:\/\/www.caririemacao.com\/1\/2020\/03\/21\/paraiba-bancada-se-reune-e-decide-liberar-r-300-milhoes\/","title":{"rendered":"Para\u00edba: bancada se re\u00fane e decide liberar R$ 300 milh\u00f5es"},"content":{"rendered":"\n<p>A bancada da Para\u00edba no Congresso Nacional fez reuni\u00e3o virtual, neste s\u00e1bado (21), para discutir a libera\u00e7\u00e3o de recursos em torno de R$ 300 milh\u00f5es de emendas de bancada no combate ao Covid19.<br><\/p>\n\n\n\n<p>A informa\u00e7\u00e3o \u00e9 do coordenador do colegiado, Efraim Filho (DEM).<\/p>\n\n\n\n<p>De acordo com o parlamentar, a libera\u00e7\u00e3o de emendas para o Estado e as prefeituras, ter\u00e1 como objetivo de promover a\u00e7\u00f5es de preven\u00e7\u00e3o e combate ao surto do novo coronav\u00edrus. A medida surge ap\u00f3s o Congresso acatar pedido do Governo Federal e decretar estado de calamidade p\u00fablica no pa\u00eds.<\/p>\n\n\n\n<p><strong>MaisPB<\/strong><\/p>\n","protected":false},"excerpt":{"rendered":"<p>A bancada da Para\u00edba no Congresso Nacional fez reuni\u00e3o virtual, neste s\u00e1bado (21), para discutir a libera\u00e7\u00e3o de recursos em torno de R$ 300 milh\u00f5es&hellip; <\/p>\n","protected":false},"author":1,"featured_media":159424,"comment_status":"closed","ping_status":"closed","sticky":false,"template":"","format":"standard","meta":{"sfsi_plus_gutenberg_text_before_share":"","sfsi_plus_gutenberg_show_text_before_share":"","sfsi_plus_gutenberg_icon_type":"","sfsi_plus_gutenberg_icon_alignemt":"","sfsi_plus_gutenburg_max_per_row":"","footnotes":""},"categories":[50,11],"tags":[],"class_list":["post-159423","post","type-post","status-publish","format-standard","has-post-thumbnail","hentry","category-destaque","category-politica"],"_links":{"self":[{"href":"https:\/\/www.caririemacao.com\/1\/wp-json\/wp\/v2\/posts\/159423","targetHints":{"allow":["GET"]}}],"collection":[{"href":"https:\/\/www.caririemacao.com\/1\/wp-json\/wp\/v2\/posts"}],"about":[{"href":"https:\/\/www.caririemacao.com\/1\/wp-json\/wp\/v2\/types\/post"}],"author":[{"embeddable":true,"href":"https:\/\/www.caririemacao.com\/1\/wp-json\/wp\/v2\/users\/1"}],"replies":[{"embeddable":true,"href":"https:\/\/www.caririemacao.com\/1\/wp-json\/wp\/v2\/comments?post=159423"}],"version-history":[{"count":1,"href":"https:\/\/www.caririemacao.com\/1\/wp-json\/wp\/v2\/posts\/159423\/revisions"}],"predecessor-version":[{"id":159425,"href":"https:\/\/www.caririemacao.com\/1\/wp-json\/wp\/v2\/posts\/159423\/revisions\/159425"}],"wp:featuredmedia":[{"embeddable":true,"href":"https:\/\/www.caririemacao.com\/1\/wp-json\/wp\/v2\/media\/159424"}],"wp:attachment":[{"href":"https:\/\/www.caririemacao.com\/1\/wp-json\/wp\/v2\/media?parent=159423"}],"wp:term":[{"taxonomy":"category","embeddable":true,"href":"https:\/\/www.caririemacao.com\/1\/wp-json\/wp\/v2\/categories?post=159423"},{"taxonomy":"post_tag","embeddable":true,"href":"https:\/\/www.caririemacao.com\/1\/wp-json\/wp\/v2\/tags?post=159423"}],"curies":[{"name":"wp","href":"https:\/\/api.w.org\/{rel}","templated":true}]}}