{"id":159426,"date":"2020-03-21T14:45:00","date_gmt":"2020-03-21T17:45:00","guid":{"rendered":"http:\/\/www.caririemacao.com\/1\/?p=159426"},"modified":"2020-03-21T14:46:06","modified_gmt":"2020-03-21T17:46:06","slug":"hospital-pedro-i-sera-esvaziado-para-atender-casos-de-coronavirus-em-campina-grande","status":"publish","type":"post","link":"https:\/\/www.caririemacao.com\/1\/2020\/03\/21\/hospital-pedro-i-sera-esvaziado-para-atender-casos-de-coronavirus-em-campina-grande\/","title":{"rendered":"Hospital Pedro I ser\u00e1 esvaziado para atender casos de coronav\u00edrus, em Campina Grande"},"content":{"rendered":"\n<p>O prefeito de Campina Grande, Romero Rodrigues (PSD), informou durante entrevista \u00e0 R\u00e1dio Panor\u00e2mica FM, que o Hospital Municipal Pedro I est\u00e1 sendo esvaziado para ficar exclusivamente \u00e0 disposi\u00e7\u00e3o do tratamento de pacientes com coronav\u00edrus (Covid-19).<\/p>\n\n\n\n<p>Segundo Romero, pacientes que est\u00e3o internados na unidade ser\u00e3o transferidos para hospitais particulares da cidade e idosos que est\u00e3o na ala geri\u00e1trica ser\u00e3o levados para tratamento domiciliar, assim como ser\u00e1 concedida alta m\u00e9dica a alguns pacientes das enfermarias.<\/p>\n\n\n\n<p>\u201cTodos os espa\u00e7os do Hospital Pedro I, vamos estruturar para atender pacientes com coronav\u00edrus e vamos precisar do aux\u00edlio do Governo Federal e a uni\u00e3o com o Governo Estado\u201d, disse o prefeito ressaltando que o objetivo \u00e9 ampliar os leitos de UTI e enfermarias.<\/p>\n\n\n\n<p>Uma visita foi realizada nesta sexta-feira (20) ao hospital pelo prefeito junto com o secret\u00e1rio de Sa\u00fade do Estado, Geraldo Medeiros, para conhecer a estrutura da unidade e tra\u00e7ar a\u00e7\u00f5es.<\/p>\n\n\n\n<p>Com blogdomaxsilva<\/p>\n","protected":false},"excerpt":{"rendered":"<p>O prefeito de Campina Grande, Romero Rodrigues (PSD), informou durante entrevista \u00e0 R\u00e1dio Panor\u00e2mica FM, que o Hospital Municipal Pedro I est\u00e1 sendo esvaziado para&hellip; <\/p>\n","protected":false},"author":1,"featured_media":159427,"comment_status":"closed","ping_status":"closed","sticky":false,"template":"","format":"standard","meta":{"sfsi_plus_gutenberg_text_before_share":"","sfsi_plus_gutenberg_show_text_before_share":"","sfsi_plus_gutenberg_icon_type":"","sfsi_plus_gutenberg_icon_alignemt":"","sfsi_plus_gutenburg_max_per_row":"","footnotes":""},"categories":[6,50],"tags":[],"class_list":["post-159426","post","type-post","status-publish","format-standard","has-post-thumbnail","hentry","category-cidades","category-destaque"],"_links":{"self":[{"href":"https:\/\/www.caririemacao.com\/1\/wp-json\/wp\/v2\/posts\/159426","targetHints":{"allow":["GET"]}}],"collection":[{"href":"https:\/\/www.caririemacao.com\/1\/wp-json\/wp\/v2\/posts"}],"about":[{"href":"https:\/\/www.caririemacao.com\/1\/wp-json\/wp\/v2\/types\/post"}],"author":[{"embeddable":true,"href":"https:\/\/www.caririemacao.com\/1\/wp-json\/wp\/v2\/users\/1"}],"replies":[{"embeddable":true,"href":"https:\/\/www.caririemacao.com\/1\/wp-json\/wp\/v2\/comments?post=159426"}],"version-history":[{"count":2,"href":"https:\/\/www.caririemacao.com\/1\/wp-json\/wp\/v2\/posts\/159426\/revisions"}],"predecessor-version":[{"id":159429,"href":"https:\/\/www.caririemacao.com\/1\/wp-json\/wp\/v2\/posts\/159426\/revisions\/159429"}],"wp:featuredmedia":[{"embeddable":true,"href":"https:\/\/www.caririemacao.com\/1\/wp-json\/wp\/v2\/media\/159427"}],"wp:attachment":[{"href":"https:\/\/www.caririemacao.com\/1\/wp-json\/wp\/v2\/media?parent=159426"}],"wp:term":[{"taxonomy":"category","embeddable":true,"href":"https:\/\/www.caririemacao.com\/1\/wp-json\/wp\/v2\/categories?post=159426"},{"taxonomy":"post_tag","embeddable":true,"href":"https:\/\/www.caririemacao.com\/1\/wp-json\/wp\/v2\/tags?post=159426"}],"curies":[{"name":"wp","href":"https:\/\/api.w.org\/{rel}","templated":true}]}}