{"id":159431,"date":"2020-03-21T14:55:50","date_gmt":"2020-03-21T17:55:50","guid":{"rendered":"http:\/\/www.caririemacao.com\/1\/?p=159431"},"modified":"2020-03-21T14:58:06","modified_gmt":"2020-03-21T17:58:06","slug":"paraiba-entra-na-fase-de-mitigacao-apos-declaracao-de-transmissao-comunitaria-no-pais","status":"publish","type":"post","link":"https:\/\/www.caririemacao.com\/1\/2020\/03\/21\/paraiba-entra-na-fase-de-mitigacao-apos-declaracao-de-transmissao-comunitaria-no-pais\/","title":{"rendered":"Para\u00edba entra na fase de mitiga\u00e7\u00e3o ap\u00f3s declara\u00e7\u00e3o de transmiss\u00e3o comunit\u00e1ria no pa\u00eds"},"content":{"rendered":"\n<p>Com a declara\u00e7\u00e3o de transmiss\u00e3o comunit\u00e1ria em todo territ\u00f3rio brasileiro, declarado nesta sexta-feira (20) pelo Minist\u00e9rio da Sa\u00fade, acontece uma mudan\u00e7a de fase na execu\u00e7\u00e3o do Plano de Conting\u00eancia na Para\u00edba com rela\u00e7\u00e3o ao novo coronav\u00edrus (Covid-19). Inicia-se a fase de mitiga\u00e7\u00e3o. Ou seja, ser\u00e3o notificados e identificados apenas casos graves \u2013 pessoas que apresentam falta de ar, dificuldade para respirar, dor no peito e febre que se prolongue por mais de 72 horas, mesmo com o uso de antit\u00e9rmicos.- Continua depois da publicidade &#8211;<\/p>\n\n\n\n<p>Rec\u00e9m-nascidos, gestantes e pu\u00e9rperas (at\u00e9 45 dias ap\u00f3s parto), idosos e pessoas com doen\u00e7as cr\u00f4nicas devem procurar assist\u00eancia m\u00e9dica para devida assist\u00eancia e devem ser priorizados no atendimento.<\/p>\n\n\n\n<p>A orienta\u00e7\u00e3o do Minist\u00e9rio da Sa\u00fade \u00e9 n\u00e3o testar mais casos leves nem assintom\u00e1ticos.<\/p>\n\n\n\n<p>Os casos leves que podem chegar at\u00e9 80% dos casos ir\u00e3o se comportar como um quadro gripal leve, cujos cuidados que devem ser seguidos passam por manter o isolamento domiciliar, boa hidrata\u00e7\u00e3o e alimenta\u00e7\u00e3o e seguir as medidas de etiqueta respirat\u00f3ria.<\/p>\n\n\n\n<p>Unidades de Sa\u00fade, p\u00fablicas ou privadas devem ser deixadas para aqueles que necessitam de maior aten\u00e7\u00e3o, para evitarmos colapso em toda rede de sa\u00fade. As refer\u00eancias j\u00e1 definidas permanecem e deveram ser ocupadas pelos casos graves.<\/p>\n\n\n\n<p>Com Para\u00edba j\u00e1<\/p>\n","protected":false},"excerpt":{"rendered":"<p>Com a declara\u00e7\u00e3o de transmiss\u00e3o comunit\u00e1ria em todo territ\u00f3rio brasileiro, declarado nesta sexta-feira (20) pelo Minist\u00e9rio da Sa\u00fade, acontece uma mudan\u00e7a de fase na execu\u00e7\u00e3o&hellip; <\/p>\n","protected":false},"author":1,"featured_media":159432,"comment_status":"closed","ping_status":"closed","sticky":false,"template":"","format":"standard","meta":{"sfsi_plus_gutenberg_text_before_share":"","sfsi_plus_gutenberg_show_text_before_share":"","sfsi_plus_gutenberg_icon_type":"","sfsi_plus_gutenberg_icon_alignemt":"","sfsi_plus_gutenburg_max_per_row":"","footnotes":""},"categories":[50,16],"tags":[],"class_list":["post-159431","post","type-post","status-publish","format-standard","has-post-thumbnail","hentry","category-destaque","category-saude"],"_links":{"self":[{"href":"https:\/\/www.caririemacao.com\/1\/wp-json\/wp\/v2\/posts\/159431","targetHints":{"allow":["GET"]}}],"collection":[{"href":"https:\/\/www.caririemacao.com\/1\/wp-json\/wp\/v2\/posts"}],"about":[{"href":"https:\/\/www.caririemacao.com\/1\/wp-json\/wp\/v2\/types\/post"}],"author":[{"embeddable":true,"href":"https:\/\/www.caririemacao.com\/1\/wp-json\/wp\/v2\/users\/1"}],"replies":[{"embeddable":true,"href":"https:\/\/www.caririemacao.com\/1\/wp-json\/wp\/v2\/comments?post=159431"}],"version-history":[{"count":1,"href":"https:\/\/www.caririemacao.com\/1\/wp-json\/wp\/v2\/posts\/159431\/revisions"}],"predecessor-version":[{"id":159433,"href":"https:\/\/www.caririemacao.com\/1\/wp-json\/wp\/v2\/posts\/159431\/revisions\/159433"}],"wp:featuredmedia":[{"embeddable":true,"href":"https:\/\/www.caririemacao.com\/1\/wp-json\/wp\/v2\/media\/159432"}],"wp:attachment":[{"href":"https:\/\/www.caririemacao.com\/1\/wp-json\/wp\/v2\/media?parent=159431"}],"wp:term":[{"taxonomy":"category","embeddable":true,"href":"https:\/\/www.caririemacao.com\/1\/wp-json\/wp\/v2\/categories?post=159431"},{"taxonomy":"post_tag","embeddable":true,"href":"https:\/\/www.caririemacao.com\/1\/wp-json\/wp\/v2\/tags?post=159431"}],"curies":[{"name":"wp","href":"https:\/\/api.w.org\/{rel}","templated":true}]}}