{"id":159435,"date":"2020-03-21T16:11:24","date_gmt":"2020-03-21T19:11:24","guid":{"rendered":"http:\/\/www.caririemacao.com\/1\/?p=159435"},"modified":"2020-03-21T16:11:25","modified_gmt":"2020-03-21T19:11:25","slug":"congresso-discute-reduzir-salarios-de-servidores-em-ate-20-na-crise","status":"publish","type":"post","link":"https:\/\/www.caririemacao.com\/1\/2020\/03\/21\/congresso-discute-reduzir-salarios-de-servidores-em-ate-20-na-crise\/","title":{"rendered":"Congresso discute reduzir sal\u00e1rios de servidores em at\u00e9 20% na crise"},"content":{"rendered":"\n<p>A ideia em an\u00e1lise, que come\u00e7ou a ser discutida na quinta-feira e avan\u00e7ou ao longo desta sexta-feira \u00e9 para que o&nbsp;corte seja feito em faixas. Para aqueles que ganham at\u00e9 R$ 10 mil, a redu\u00e7\u00e3o seria de 10%. Para os funcion\u00e1rios que ganham mais de R$ 10 mil, o corte seria de 20%.<br><\/p>\n\n\n\n<p>Como forma de compensar os servidores, parlamentares avaliam que seria importante manter vantagens como aux\u00edlio-alimenta\u00e7\u00e3o. E ainda debatem poupar categorias envolvidas diretamente no combate \u00e0 epidemia.<\/p>\n\n\n\n<p>N\u00e3o h\u00e1 decis\u00e3o final, pois alguns l\u00edderes se op\u00f5em a pautar o tema neste momento. Mas, segundo congressistas a par das conversas informaram \u00e0 CNN, muitos j\u00e1 apoiam a medida. As conversas t\u00eam participa\u00e7\u00e3o do presidente da C\u00e2mara, Rodrigo Maia.&nbsp;<\/p>\n\n\n\n<p>A ideia em formula\u00e7\u00e3o \u00e9 incluir funcion\u00e1rios dos tr\u00eas Poderes no corte tempor\u00e1rio. Para isso, por\u00e9m, seria necess\u00e1rio que o governo federal concordasse com a redu\u00e7\u00e3o e enviasse ao Congresso a medida referente aos servidores do Executivo.<\/p>\n\n\n\n<p>O plano que vem sendo debatido teria tr\u00eas fases. Primeiro, o envio de um texto ao Congresso pelo Planalto com a previs\u00e3o de corte de sal\u00e1rios nos servidores do Executivo.&nbsp;<\/p>\n\n\n\n<p>O Congresso, ent\u00e3o, acataria a medida, incluindo os funcion\u00e1rios do Legislativo e sugerindo que o Judici\u00e1rio tamb\u00e9m aderisse.<\/p>\n\n\n\n<p>A leitura dos parlamentares \u00e9 que, se o governo decidiu autorizar empresas privadas a reduzir em at\u00e9 50% a jornada e os sal\u00e1rios de seus funcion\u00e1rios, o poder p\u00fablico tamb\u00e9m deve dar uma resposta.&nbsp;<\/p>\n\n\n\n<p>Al\u00e9m disso, boa parte dos servidores n\u00e3o poder\u00e1 trabalhar nos pr\u00f3ximos meses diante das restri\u00e7\u00f5es de circula\u00e7\u00e3o e orienta\u00e7\u00e3o de trabalho remoto.&nbsp;<\/p>\n\n\n\n<p>Parlamentares ainda se mostram c\u00e9ticos sobre a ades\u00e3o do presidente Jair Bolsonaro ao plano neste momento. Mas o Pal\u00e1cio do Planalto j\u00e1 foi avisado sobre as conversas em curso.<\/p>\n","protected":false},"excerpt":{"rendered":"<p>A ideia em an\u00e1lise, que come\u00e7ou a ser discutida na quinta-feira e avan\u00e7ou ao longo desta sexta-feira \u00e9 para que o&nbsp;corte seja feito em faixas.&hellip; <\/p>\n","protected":false},"author":2,"featured_media":159436,"comment_status":"closed","ping_status":"closed","sticky":false,"template":"","format":"standard","meta":{"sfsi_plus_gutenberg_text_before_share":"","sfsi_plus_gutenberg_show_text_before_share":"","sfsi_plus_gutenberg_icon_type":"","sfsi_plus_gutenberg_icon_alignemt":"","sfsi_plus_gutenburg_max_per_row":"","footnotes":""},"categories":[2],"tags":[],"class_list":["post-159435","post","type-post","status-publish","format-standard","has-post-thumbnail","hentry","category-geral"],"_links":{"self":[{"href":"https:\/\/www.caririemacao.com\/1\/wp-json\/wp\/v2\/posts\/159435","targetHints":{"allow":["GET"]}}],"collection":[{"href":"https:\/\/www.caririemacao.com\/1\/wp-json\/wp\/v2\/posts"}],"about":[{"href":"https:\/\/www.caririemacao.com\/1\/wp-json\/wp\/v2\/types\/post"}],"author":[{"embeddable":true,"href":"https:\/\/www.caririemacao.com\/1\/wp-json\/wp\/v2\/users\/2"}],"replies":[{"embeddable":true,"href":"https:\/\/www.caririemacao.com\/1\/wp-json\/wp\/v2\/comments?post=159435"}],"version-history":[{"count":1,"href":"https:\/\/www.caririemacao.com\/1\/wp-json\/wp\/v2\/posts\/159435\/revisions"}],"predecessor-version":[{"id":159437,"href":"https:\/\/www.caririemacao.com\/1\/wp-json\/wp\/v2\/posts\/159435\/revisions\/159437"}],"wp:featuredmedia":[{"embeddable":true,"href":"https:\/\/www.caririemacao.com\/1\/wp-json\/wp\/v2\/media\/159436"}],"wp:attachment":[{"href":"https:\/\/www.caririemacao.com\/1\/wp-json\/wp\/v2\/media?parent=159435"}],"wp:term":[{"taxonomy":"category","embeddable":true,"href":"https:\/\/www.caririemacao.com\/1\/wp-json\/wp\/v2\/categories?post=159435"},{"taxonomy":"post_tag","embeddable":true,"href":"https:\/\/www.caririemacao.com\/1\/wp-json\/wp\/v2\/tags?post=159435"}],"curies":[{"name":"wp","href":"https:\/\/api.w.org\/{rel}","templated":true}]}}