{"id":159441,"date":"2020-03-21T16:15:44","date_gmt":"2020-03-21T19:15:44","guid":{"rendered":"http:\/\/www.caririemacao.com\/1\/?p=159441"},"modified":"2020-03-21T16:15:46","modified_gmt":"2020-03-21T19:15:46","slug":"comissao-de-licitacao-da-prefeitura-de-monteiro-adia-tomada-de-preco","status":"publish","type":"post","link":"https:\/\/www.caririemacao.com\/1\/2020\/03\/21\/comissao-de-licitacao-da-prefeitura-de-monteiro-adia-tomada-de-preco\/","title":{"rendered":"Comiss\u00e3o de Licita\u00e7\u00e3o da Prefeitura de Monteiro adia tomada de pre\u00e7o"},"content":{"rendered":"\n<p>Na tarde desta sexta-feira, 20, a Comiss\u00e3o Permanente de Licita\u00e7\u00e3o da Prefeitura Municipal de Monteiro, emitiu um comunicado onde adia a Tomada de Pre\u00e7o N\u00ba 0.2.005\/2020, que estava marcada para acontecer nesta segunda-feira dia 23 de mar\u00e7o.<\/p>\n\n\n\n<p>O intuito desta tomada de pre\u00e7o diz respeito a contrata\u00e7\u00e3o de empresa para constru\u00e7\u00e3o de um sistema de abastecimento na comunidade do s\u00edtio Pitombeira.<\/p>\n\n\n\n<p>De acordo com o comunicado, a suspens\u00e3o se d\u00e1 em virtude do aumento de casos de coronav\u00edrus no Brasil e da classifica\u00e7\u00e3o da Organiza\u00e7\u00e3o Mundial de Sa\u00fade (OMS) como pandemia.<\/p>\n\n\n\n<p>Por enquanto, n\u00e3o h\u00e1 uma nova data para a realiza\u00e7\u00e3o da tomada de pre\u00e7os.<\/p>\n","protected":false},"excerpt":{"rendered":"<p>Na tarde desta sexta-feira, 20, a Comiss\u00e3o Permanente de Licita\u00e7\u00e3o da Prefeitura Municipal de Monteiro, emitiu um comunicado onde adia a Tomada de Pre\u00e7o N\u00ba&hellip; <\/p>\n","protected":false},"author":2,"featured_media":159442,"comment_status":"closed","ping_status":"closed","sticky":false,"template":"","format":"standard","meta":{"sfsi_plus_gutenberg_text_before_share":"","sfsi_plus_gutenberg_show_text_before_share":"","sfsi_plus_gutenberg_icon_type":"","sfsi_plus_gutenberg_icon_alignemt":"","sfsi_plus_gutenburg_max_per_row":"","footnotes":""},"categories":[2],"tags":[],"class_list":["post-159441","post","type-post","status-publish","format-standard","has-post-thumbnail","hentry","category-geral"],"_links":{"self":[{"href":"https:\/\/www.caririemacao.com\/1\/wp-json\/wp\/v2\/posts\/159441","targetHints":{"allow":["GET"]}}],"collection":[{"href":"https:\/\/www.caririemacao.com\/1\/wp-json\/wp\/v2\/posts"}],"about":[{"href":"https:\/\/www.caririemacao.com\/1\/wp-json\/wp\/v2\/types\/post"}],"author":[{"embeddable":true,"href":"https:\/\/www.caririemacao.com\/1\/wp-json\/wp\/v2\/users\/2"}],"replies":[{"embeddable":true,"href":"https:\/\/www.caririemacao.com\/1\/wp-json\/wp\/v2\/comments?post=159441"}],"version-history":[{"count":1,"href":"https:\/\/www.caririemacao.com\/1\/wp-json\/wp\/v2\/posts\/159441\/revisions"}],"predecessor-version":[{"id":159443,"href":"https:\/\/www.caririemacao.com\/1\/wp-json\/wp\/v2\/posts\/159441\/revisions\/159443"}],"wp:featuredmedia":[{"embeddable":true,"href":"https:\/\/www.caririemacao.com\/1\/wp-json\/wp\/v2\/media\/159442"}],"wp:attachment":[{"href":"https:\/\/www.caririemacao.com\/1\/wp-json\/wp\/v2\/media?parent=159441"}],"wp:term":[{"taxonomy":"category","embeddable":true,"href":"https:\/\/www.caririemacao.com\/1\/wp-json\/wp\/v2\/categories?post=159441"},{"taxonomy":"post_tag","embeddable":true,"href":"https:\/\/www.caririemacao.com\/1\/wp-json\/wp\/v2\/tags?post=159441"}],"curies":[{"name":"wp","href":"https:\/\/api.w.org\/{rel}","templated":true}]}}