{"id":159448,"date":"2020-03-21T17:10:05","date_gmt":"2020-03-21T20:10:05","guid":{"rendered":"http:\/\/www.caririemacao.com\/1\/?p=159448"},"modified":"2020-03-21T17:10:06","modified_gmt":"2020-03-21T20:10:06","slug":"justica-proibe-visitas-em-todas-as-unidades-prisionais-de-sao-paulo","status":"publish","type":"post","link":"https:\/\/www.caririemacao.com\/1\/2020\/03\/21\/justica-proibe-visitas-em-todas-as-unidades-prisionais-de-sao-paulo\/","title":{"rendered":"Justi\u00e7a pro\u00edbe visitas em todas as unidades prisionais de S\u00e3o Paulo"},"content":{"rendered":"\n<p>Justi\u00e7a de S\u00e3o Paulo proibiu na sexta-feira (20) visitas a presos em todas as unidades prisionais do estado de S\u00e3o Paulo. A decis\u00e3o, da ju\u00edza Ana Luiza Villa Nova, da 16\u00aa Vara da Fazenda P\u00fablica de S\u00e3o Paulo, foi tomada a pedido do Sindicato dos Agentes de Seguran\u00e7a Penitenci\u00e1ria do Estado de S\u00e3o Paulo.<\/p>\n\n\n\n<p>\u201cDefiro, pois, o pedido liminar, para determinar \u00e0 autoridade impetrada que pro\u00edba as visitas externas aos sentenciados, em todas as Unidades Prisionais do Estado de S\u00e3o Paulo, at\u00e9 o julgamento definitivo desta demanda\u201d, disse a ju\u00edza em seu despacho. A ju\u00edza deu prazo de 10 dias para que a Secretaria de Administra\u00e7\u00e3o Penitenci\u00e1ria (SAP) preste informa\u00e7\u00f5es sobre o cumprimento da decis\u00e3o. <\/p>\n\n\n\n<p>Ontem, o governo do estado de S\u00e3o Paulo decidiu aplicar restri\u00e7\u00f5es de visitas a presos, mas n\u00e3o a proibi\u00e7\u00e3o. A ju\u00edza, no entanto, considerou as medidas como \u201cpaliativas\u201d.<\/p>\n\n\n\n<blockquote class=\"wp-block-quote is-layout-flow wp-block-quote-is-layout-flow\"><p>\u201cAinda que a referida resolu\u00e7\u00e3o tenha estabelecido medidas voltadas a diminuir os riscos, tais como proibir a visita de pessoas que se enquadram no grupo de risco ou que apresentem sintomas de enfermidades, \u00e9 certo que tais medidas s\u00e3o paliativas e n\u00e3o evitam o risco maior decorrente do contato destas visitas com os presos\u201d, disse na decis\u00e3o da sexta.<\/p><\/blockquote>\n\n\n\n<p>A magistrada acrescentou ainda que as visitas poder\u00e3o voltar a ser realizadas assim que haja condi\u00e7\u00f5es adequadas.<\/p>\n\n\n\n<blockquote class=\"wp-block-quote is-layout-flow wp-block-quote-is-layout-flow\"><p>\u201c\u00c9 preciso sopesar os valores e n\u00e3o h\u00e1 d\u00favida de que entre salvaguardar o direito \u00e0 vida e \u00e0 sa\u00fade e assegurar o direito do preso \u00e0 visita, prevalece o primeiro, considerando, ainda, que se trata de medida tempor\u00e1ria e que poder\u00e1 ser restabelecida oportunamente, quando as condi\u00e7\u00f5es voltarem a ser prop\u00edcias para tanto, sem colocar em risco a vida e a sa\u00fade das pessoas, enquanto que para o resultado morte n\u00e3o h\u00e1 revers\u00e3o\u201d.<\/p><\/blockquote>\n\n\n\n<p>Dados da SAP mostram que a popula\u00e7\u00e3o carcer\u00e1ria no estado de S\u00e3o Paulo era de aproximadamente 225 mil pessoas em 2017<\/p>\n\n\n\n<p>Com Fanoticias<\/p>\n","protected":false},"excerpt":{"rendered":"<p>Justi\u00e7a de S\u00e3o Paulo proibiu na sexta-feira (20) visitas a presos em todas as unidades prisionais do estado de S\u00e3o Paulo. A decis\u00e3o, da ju\u00edza&hellip; <\/p>\n","protected":false},"author":1,"featured_media":159449,"comment_status":"closed","ping_status":"closed","sticky":false,"template":"","format":"standard","meta":{"sfsi_plus_gutenberg_text_before_share":"","sfsi_plus_gutenberg_show_text_before_share":"","sfsi_plus_gutenberg_icon_type":"","sfsi_plus_gutenberg_icon_alignemt":"","sfsi_plus_gutenburg_max_per_row":"","footnotes":""},"categories":[50,16],"tags":[],"class_list":["post-159448","post","type-post","status-publish","format-standard","has-post-thumbnail","hentry","category-destaque","category-saude"],"_links":{"self":[{"href":"https:\/\/www.caririemacao.com\/1\/wp-json\/wp\/v2\/posts\/159448","targetHints":{"allow":["GET"]}}],"collection":[{"href":"https:\/\/www.caririemacao.com\/1\/wp-json\/wp\/v2\/posts"}],"about":[{"href":"https:\/\/www.caririemacao.com\/1\/wp-json\/wp\/v2\/types\/post"}],"author":[{"embeddable":true,"href":"https:\/\/www.caririemacao.com\/1\/wp-json\/wp\/v2\/users\/1"}],"replies":[{"embeddable":true,"href":"https:\/\/www.caririemacao.com\/1\/wp-json\/wp\/v2\/comments?post=159448"}],"version-history":[{"count":1,"href":"https:\/\/www.caririemacao.com\/1\/wp-json\/wp\/v2\/posts\/159448\/revisions"}],"predecessor-version":[{"id":159450,"href":"https:\/\/www.caririemacao.com\/1\/wp-json\/wp\/v2\/posts\/159448\/revisions\/159450"}],"wp:featuredmedia":[{"embeddable":true,"href":"https:\/\/www.caririemacao.com\/1\/wp-json\/wp\/v2\/media\/159449"}],"wp:attachment":[{"href":"https:\/\/www.caririemacao.com\/1\/wp-json\/wp\/v2\/media?parent=159448"}],"wp:term":[{"taxonomy":"category","embeddable":true,"href":"https:\/\/www.caririemacao.com\/1\/wp-json\/wp\/v2\/categories?post=159448"},{"taxonomy":"post_tag","embeddable":true,"href":"https:\/\/www.caririemacao.com\/1\/wp-json\/wp\/v2\/tags?post=159448"}],"curies":[{"name":"wp","href":"https:\/\/api.w.org\/{rel}","templated":true}]}}