{"id":159451,"date":"2020-03-21T18:21:20","date_gmt":"2020-03-21T21:21:20","guid":{"rendered":"http:\/\/www.caririemacao.com\/1\/?p=159451"},"modified":"2020-03-21T18:35:43","modified_gmt":"2020-03-21T21:35:43","slug":"brasil-confirma-1-128-casos-de-covid-19-segundo-ministerio-da-saude","status":"publish","type":"post","link":"https:\/\/www.caririemacao.com\/1\/2020\/03\/21\/brasil-confirma-1-128-casos-de-covid-19-segundo-ministerio-da-saude\/","title":{"rendered":"Brasil confirma 1.128 casos de covid-19, segundo Minist\u00e9rio da Sa\u00fade"},"content":{"rendered":"\n<p>Balan\u00e7o do Minist\u00e9rio da Sa\u00fade, divulgado neste s\u00e1bado (21), aponta que existem 1.128 casos de covid-19 em todo o territ\u00f3rio nacional. Apenas o estado de Roraima n\u00e3o contabiliza nenhum&nbsp;caso de covid-19 no pa\u00eds.<\/p>\n\n\n\n<p>At\u00e9 agora, 18 pessoas j\u00e1 morreram por complica\u00e7\u00f5es provocadas pela covid-19. S\u00e3o tr\u00eas mortes no Rio de Janeiro e outras&nbsp;15 no Estado de S\u00e3o Paulo.<\/p>\n\n\n\n<p>Os dois estados tamb\u00e9m concentram a maior parte dos casos de covid-19. De acordo com o Minist\u00e9rio da Sa\u00fade, h\u00e1 119 casos confirmados nas cidades fluminenses e&nbsp;459 no territ\u00f3rio paulista.<\/p>\n\n\n\n<p>O Distrito Federal contabiliza 100 casos de covid-19.<\/p>\n\n\n\n<p>De acordo com as informa\u00e7\u00f5es recebidas pelas Secretarias de Sa\u00fade dos estados e munic\u00edpios, o Brasil j\u00e1 possui 1.128 casos suspeitos de #coronav\u00edrus e 18 \u00f3bitos. No quadro abaixo, voc\u00ea confere os dados por regi\u00e3o\/estado.<\/p>\n\n\n\n<figure class=\"wp-block-image\"><a href=\"https:\/\/twitter.com\/minsaude\/status\/1241467589873844225\/photo\/1\"><img decoding=\"async\" src=\"https:\/\/pbs.twimg.com\/media\/ETqTVAZXQAIUbZ0?format=jpg&amp;name=900x900\" alt=\"Ver imagem no Twitter\"\/><\/a><\/figure>\n\n\n\n<p>Mais cedo, o secret\u00e1rio estadual de Sa\u00fade de S\u00e3o Paulo, Jos\u00e9 Henrique Germann, informou que seis mortes foram registradas de ontem para hoje: quatro mulheres e dois homens. Destes, cinco s\u00e3o idosos. O outro \u00e9 um homem de 49 anos que tinha tuberculose.<\/p>\n\n\n\n<p>A SES-RJ (Secretaria de Estado de Sa\u00fade do Rio de Janeiro), por sua vez, confirmou a terceira morte por novo coronav\u00edrus no estado. Segundo as autoridades, o caso \u00e9 de um idoso que morava em Petr\u00f3polis, na Regi\u00e3o Serrana.<\/p>\n\n\n\n<figure class=\"wp-block-image\"><img decoding=\"async\" src=\"https:\/\/img.r7.com\/images\/coronavirus-arte-cuidados-20032020120427322\" alt=\"\"\/><\/figure>\n\n\n\n<p>Com R7 Not\u00edcias<\/p>\n","protected":false},"excerpt":{"rendered":"<p>Balan\u00e7o do Minist\u00e9rio da Sa\u00fade, divulgado neste s\u00e1bado (21), aponta que existem 1.128 casos de covid-19 em todo o territ\u00f3rio nacional. Apenas o estado de&hellip; <\/p>\n","protected":false},"author":1,"featured_media":159083,"comment_status":"closed","ping_status":"closed","sticky":false,"template":"","format":"standard","meta":{"sfsi_plus_gutenberg_text_before_share":"","sfsi_plus_gutenberg_show_text_before_share":"","sfsi_plus_gutenberg_icon_type":"","sfsi_plus_gutenberg_icon_alignemt":"","sfsi_plus_gutenburg_max_per_row":"","footnotes":""},"categories":[50,16],"tags":[],"class_list":["post-159451","post","type-post","status-publish","format-standard","has-post-thumbnail","hentry","category-destaque","category-saude"],"_links":{"self":[{"href":"https:\/\/www.caririemacao.com\/1\/wp-json\/wp\/v2\/posts\/159451","targetHints":{"allow":["GET"]}}],"collection":[{"href":"https:\/\/www.caririemacao.com\/1\/wp-json\/wp\/v2\/posts"}],"about":[{"href":"https:\/\/www.caririemacao.com\/1\/wp-json\/wp\/v2\/types\/post"}],"author":[{"embeddable":true,"href":"https:\/\/www.caririemacao.com\/1\/wp-json\/wp\/v2\/users\/1"}],"replies":[{"embeddable":true,"href":"https:\/\/www.caririemacao.com\/1\/wp-json\/wp\/v2\/comments?post=159451"}],"version-history":[{"count":2,"href":"https:\/\/www.caririemacao.com\/1\/wp-json\/wp\/v2\/posts\/159451\/revisions"}],"predecessor-version":[{"id":159453,"href":"https:\/\/www.caririemacao.com\/1\/wp-json\/wp\/v2\/posts\/159451\/revisions\/159453"}],"wp:featuredmedia":[{"embeddable":true,"href":"https:\/\/www.caririemacao.com\/1\/wp-json\/wp\/v2\/media\/159083"}],"wp:attachment":[{"href":"https:\/\/www.caririemacao.com\/1\/wp-json\/wp\/v2\/media?parent=159451"}],"wp:term":[{"taxonomy":"category","embeddable":true,"href":"https:\/\/www.caririemacao.com\/1\/wp-json\/wp\/v2\/categories?post=159451"},{"taxonomy":"post_tag","embeddable":true,"href":"https:\/\/www.caririemacao.com\/1\/wp-json\/wp\/v2\/tags?post=159451"}],"curies":[{"name":"wp","href":"https:\/\/api.w.org\/{rel}","templated":true}]}}