{"id":159454,"date":"2020-03-21T18:43:37","date_gmt":"2020-03-21T21:43:37","guid":{"rendered":"http:\/\/www.caririemacao.com\/1\/?p=159454"},"modified":"2020-03-21T18:43:38","modified_gmt":"2020-03-21T21:43:38","slug":"coronavirus-italia-registra-quase-800-mortes-em-24-horas-e-total-e-de-4-825","status":"publish","type":"post","link":"https:\/\/www.caririemacao.com\/1\/2020\/03\/21\/coronavirus-italia-registra-quase-800-mortes-em-24-horas-e-total-e-de-4-825\/","title":{"rendered":"Coronav\u00edrus: It\u00e1lia registra quase 800 mortes em 24 horas e total \u00e9 de 4.825"},"content":{"rendered":"\n<p>A It\u00e1lia registrou 793 mortes por\u00a0coronav\u00edrus\u00a0nas \u00faltimas 24 horas e, neste s\u00e1bado (21), j\u00e1 contabiliza 4.825 no total desde o in\u00edcio da pandemia, al\u00e9m de um n\u00famero de casos ativos de 42.681, afirmou o chefe da Defesa Civil do pa\u00eds, Angelo Borrelli, em entrevista coletiva.<\/p>\n\n\n\n<p>O n\u00famero de pessoas curadas \u00e9 de 6.072, o que faz com que o total de casos registrados no pa\u00eds desde o in\u00edcio da pandemia do novo coronav\u00edrus seja de 53.578 em um pa\u00eds com 60 milh\u00f5es de habitantes.<\/p>\n\n\n\n<p>A regi\u00e3o da It\u00e1lia mais afetada pela Covid-19 \u00e9 a da Lombardia, no norte, onde houve 22.264 infec\u00e7\u00f5es e 2.549 v\u00edtimas faleceram. Em seguida aparecem Emilia Romagna (5.968 casos da doen\u00e7a), V\u00eaneto (4.031), Piemonte (3.461) e Marche (1.981).<\/p>\n\n\n\n<p>Neste s\u00e1bado, completa-se um m\u00eas desde que foram detectados os primeiros 16 casos de cont\u00e1gio na It\u00e1lia, pa\u00eds com o maior n\u00famero de mortes pela doen\u00e7a em todo o mundo e onde, segundo proje\u00e7\u00f5es oficiais, o pico da curva de infec\u00e7\u00f5es ainda n\u00e3o chegou.<\/p>\n\n\n\n<p>Nas \u00faltimas 24 horas, 4.821 pessoas foram identificadas com a Covid-19, e 943 foram curadas.<\/p>\n\n\n\n<h3 class=\"wp-block-heading\">Idosos em risco<\/h3>\n\n\n\n<p>Tamb\u00e9m presente \u00e0 coletiva na qual os n\u00fameros foram divulgados, o presidente do Instituto Superior da Sa\u00fade, Silvio Brusaferro, reiterou que a idade m\u00e9dia das pessoas que morreram era de cerca de 80 anos e que a grande maioria sofria de outras doen\u00e7as.<\/p>\n\n\n\n<p>Brusaferro aproveitou a oportunidade para advertir que muitos italianos &#8220;n\u00e3o est\u00e3o levando a s\u00e9rio o perigo&#8221; decorrente desta pandemia.<\/p>\n\n\n\n<p>&#8220;H\u00e1 casos em que, com a desculpa de fazer uma r\u00e1pida caminhada, algumas pessoas fazem reuni\u00f5es sociais&#8221;, alertou.<\/p>\n\n\n\n<p>&#8220;(A propaga\u00e7\u00e3o) acaba prejudicando as pessoas mais fr\u00e1geis da sociedade, que s\u00e3o os idosos, o grupo mais fr\u00e1gil&#8221;, ressaltou.<\/p>\n\n\n\n<h3 class=\"wp-block-heading\">Necessidade de isolamento<\/h3>\n\n\n\n<p>Brusaferro tamb\u00e9m insistiu sobre a import\u00e2ncia de os idosos ficarem em casa, assim como o resto dos cidad\u00e3os, que s\u00f3 deve ir \u00e0 rua em caso de extrema necessidade, e mesmo assim mantendo sempre uma dist\u00e2ncia segura de um metro para outras pessoas.<\/p>\n\n\n\n<p>&#8220;Estamos em uma fase em que a curva ainda est\u00e1 crescendo. Vamos ver nos pr\u00f3ximos dias se as medidas de isolamento foram suficientes&#8221;, disse o presidente do Instituto Superior da Sa\u00fade.<\/p>\n\n\n\n<p>O governo italiano proibiu viagens a casas de veraneio, fechou parques p\u00fablicos, escolas e universidades, locais de entretenimento e neg\u00f3cios, al\u00e9m de ter limitado deslocamentos que n\u00e3o sejam por raz\u00f5es de trabalho, sa\u00fade ou outras necessidades urgentes.<br><\/p>\n","protected":false},"excerpt":{"rendered":"<p>A It\u00e1lia registrou 793 mortes por\u00a0coronav\u00edrus\u00a0nas \u00faltimas 24 horas e, neste s\u00e1bado (21), j\u00e1 contabiliza 4.825 no total desde o in\u00edcio da pandemia, al\u00e9m de&hellip; <\/p>\n","protected":false},"author":1,"featured_media":158597,"comment_status":"closed","ping_status":"closed","sticky":false,"template":"","format":"standard","meta":{"sfsi_plus_gutenberg_text_before_share":"","sfsi_plus_gutenberg_show_text_before_share":"","sfsi_plus_gutenberg_icon_type":"","sfsi_plus_gutenberg_icon_alignemt":"","sfsi_plus_gutenburg_max_per_row":"","footnotes":""},"categories":[50,16],"tags":[],"class_list":["post-159454","post","type-post","status-publish","format-standard","has-post-thumbnail","hentry","category-destaque","category-saude"],"_links":{"self":[{"href":"https:\/\/www.caririemacao.com\/1\/wp-json\/wp\/v2\/posts\/159454","targetHints":{"allow":["GET"]}}],"collection":[{"href":"https:\/\/www.caririemacao.com\/1\/wp-json\/wp\/v2\/posts"}],"about":[{"href":"https:\/\/www.caririemacao.com\/1\/wp-json\/wp\/v2\/types\/post"}],"author":[{"embeddable":true,"href":"https:\/\/www.caririemacao.com\/1\/wp-json\/wp\/v2\/users\/1"}],"replies":[{"embeddable":true,"href":"https:\/\/www.caririemacao.com\/1\/wp-json\/wp\/v2\/comments?post=159454"}],"version-history":[{"count":1,"href":"https:\/\/www.caririemacao.com\/1\/wp-json\/wp\/v2\/posts\/159454\/revisions"}],"predecessor-version":[{"id":159455,"href":"https:\/\/www.caririemacao.com\/1\/wp-json\/wp\/v2\/posts\/159454\/revisions\/159455"}],"wp:featuredmedia":[{"embeddable":true,"href":"https:\/\/www.caririemacao.com\/1\/wp-json\/wp\/v2\/media\/158597"}],"wp:attachment":[{"href":"https:\/\/www.caririemacao.com\/1\/wp-json\/wp\/v2\/media?parent=159454"}],"wp:term":[{"taxonomy":"category","embeddable":true,"href":"https:\/\/www.caririemacao.com\/1\/wp-json\/wp\/v2\/categories?post=159454"},{"taxonomy":"post_tag","embeddable":true,"href":"https:\/\/www.caririemacao.com\/1\/wp-json\/wp\/v2\/tags?post=159454"}],"curies":[{"name":"wp","href":"https:\/\/api.w.org\/{rel}","templated":true}]}}