{"id":159459,"date":"2020-03-21T20:14:36","date_gmt":"2020-03-21T23:14:36","guid":{"rendered":"http:\/\/www.caririemacao.com\/1\/?p=159459"},"modified":"2020-03-21T20:14:37","modified_gmt":"2020-03-21T23:14:37","slug":"rio-de-janeiro-prefeito-quer-exercito-nas-ruas-para-diminuir-circulacao-de-idosos","status":"publish","type":"post","link":"https:\/\/www.caririemacao.com\/1\/2020\/03\/21\/rio-de-janeiro-prefeito-quer-exercito-nas-ruas-para-diminuir-circulacao-de-idosos\/","title":{"rendered":"Rio de Janeiro: Prefeito quer Ex\u00e9rcito nas ruas para diminuir circula\u00e7\u00e3o de idosos"},"content":{"rendered":"\n<p>O prefeito do Rio de Janeiro, Marcelo Crivella, disse hoje (21) que pedir\u00e1 ao Minist\u00e9rio da Defesa que coloque soldados nas ruas da zona sul da cidade para abordar idosos que estejam circulando e convenc\u00ea-los da import\u00e2ncia de n\u00e3o sa\u00edrem de casa, devido \u00e0 pandemia do novo coronav\u00edrus. \u201cPara dizerem a eles que h\u00e1 uma solicita\u00e7\u00e3o das autoridades para que se preservem em casa\u201d, disse Crivella.<\/p>\n\n\n\n<p>Segundo ele, o objetivo \u00e9 diminuir a exposi\u00e7\u00e3o dos idosos ao risco de contamina\u00e7\u00e3o pelo novo coronav\u00edrus. E o pedido de aux\u00edlio dos militares se d\u00e1 pelo fato de que neste momento guardas municipais e policiais militares est\u00e3o envolvidos em a\u00e7\u00f5es de ordem p\u00fablica e seguran\u00e7a em meio \u00e0 epidemia.<\/p>\n\n\n\n<p>Outra medida anunciada hoje pelo prefeito \u00e9 a reserva de quartos de hotel que estejam fechados ou com baixa ocupa\u00e7\u00e3o para uso de idosos que morem em comunidades e n\u00e3o consigam fazer um isolamento por viverem com outros membros da fam\u00edlia ou em \u00e1reas de exist\u00eancia de doen\u00e7as como a tuberculose.<\/p>\n\n\n\n<p>\u201cEsse idosos est\u00e3o cadastrados na nossa rede de sa\u00fade ou rede social e ser\u00e3o convidados a ocuparem espa\u00e7os em hot\u00e9is\u201d, disse Crivella.<\/p>\n\n\n\n<p><strong>Moradores de rua<\/strong><\/p>\n\n\n\n<p>Al\u00e9m disso, est\u00e3o sendo preparados tr\u00eas abrigos para moradores de rua, um no Samb\u00f3dromo, outro no Santo Cristo e um terceiro em Hon\u00f3rio Gurgel. \u201c\u00c9 importante nesse momento que eles tamb\u00e9m tenham suas locomo\u00e7\u00f5es supervisionadas, para que a gente possa v\u00ea-los se higienizando, tomando caf\u00e9, almo\u00e7ando. Evitar que eles tenham sintomas e n\u00e3o sejam tratados, que eles sejam vetores volantes pela cidade, contaminando pessoas nas lojas, nos pontos de \u00f4nibus\u201d.<\/p>\n\n\n\n<p>A cidade do Rio de Janeiro tem at\u00e9 o momento, 94 casos confirmados e 164 casos suspeitos. H\u00e1 39 pacientes internados em hospitais da rede municipal, das quais 13 est\u00e3o no Ronaldo Gazolla, que \u00e9 refer\u00eancia no atendimento ao coronav\u00edrus. Tr\u00eas pacientes est\u00e3o sendo submetidos \u00e0 ventila\u00e7\u00e3o mec\u00e2nica para auxili\u00e1-los na respira\u00e7\u00e3o.<\/p>\n\n\n\n<p><strong>Hospital de campanha<\/strong><\/p>\n\n\n\n<p>A prefeitura est\u00e1 preparando um hospital de campanha no centro de conven\u00e7\u00f5es Riocentro, com 500 leitos, dos quais 100 ser\u00e3o para cuidados mais cr\u00edticos. Essas vagas ser\u00e3o ocupadas por pessoas que est\u00e3o com outras doen\u00e7as menos graves ou apenas se recuperando de cirurgias, para abrir espa\u00e7o para o atendimento ao coronav\u00edrus nos hospitais municipais. A expectativa de Crivella \u00e9 que o hospital esteja funcionando dentro de 20 a 30 dias.<\/p>\n\n\n\n<p>O prefeito disse ainda que est\u00e1 orientando supermercados e farm\u00e1cias a montarem sistemas de entrega a domic\u00edlio, para evitar aglomera\u00e7\u00f5es e a ida de idosos a esses locais.<\/p>\n\n\n\n<p><strong>Restaurante populares<\/strong><\/p>\n\n\n\n<p>Os tr\u00eas restaurantes populares municipais tamb\u00e9m passar\u00e3o a funcionar \u00e0 noite, at\u00e9 as 20h. Al\u00e9m disso, h\u00e1 a previs\u00e3o de distribui\u00e7\u00e3o de cestas b\u00e1sicas para ambulantes e outros profissionais aut\u00f4nomos que sejam cadastrados na prefeitura.<\/p>\n\n\n\n<p>As feiras de rua passar\u00e3o a ser realizadas apenas de 15 em 15 dias, em vez de semanalmente, anunciou o prefeito.<\/p>\n\n\n\n<p>Com Di\u00e1rio do Nordeste<\/p>\n","protected":false},"excerpt":{"rendered":"<p>O prefeito do Rio de Janeiro, Marcelo Crivella, disse hoje (21) que pedir\u00e1 ao Minist\u00e9rio da Defesa que coloque soldados nas ruas da zona sul&hellip; <\/p>\n","protected":false},"author":1,"featured_media":159460,"comment_status":"closed","ping_status":"closed","sticky":false,"template":"","format":"standard","meta":{"sfsi_plus_gutenberg_text_before_share":"","sfsi_plus_gutenberg_show_text_before_share":"","sfsi_plus_gutenberg_icon_type":"","sfsi_plus_gutenberg_icon_alignemt":"","sfsi_plus_gutenburg_max_per_row":"","footnotes":""},"categories":[50,16],"tags":[],"class_list":["post-159459","post","type-post","status-publish","format-standard","has-post-thumbnail","hentry","category-destaque","category-saude"],"_links":{"self":[{"href":"https:\/\/www.caririemacao.com\/1\/wp-json\/wp\/v2\/posts\/159459","targetHints":{"allow":["GET"]}}],"collection":[{"href":"https:\/\/www.caririemacao.com\/1\/wp-json\/wp\/v2\/posts"}],"about":[{"href":"https:\/\/www.caririemacao.com\/1\/wp-json\/wp\/v2\/types\/post"}],"author":[{"embeddable":true,"href":"https:\/\/www.caririemacao.com\/1\/wp-json\/wp\/v2\/users\/1"}],"replies":[{"embeddable":true,"href":"https:\/\/www.caririemacao.com\/1\/wp-json\/wp\/v2\/comments?post=159459"}],"version-history":[{"count":1,"href":"https:\/\/www.caririemacao.com\/1\/wp-json\/wp\/v2\/posts\/159459\/revisions"}],"predecessor-version":[{"id":159461,"href":"https:\/\/www.caririemacao.com\/1\/wp-json\/wp\/v2\/posts\/159459\/revisions\/159461"}],"wp:featuredmedia":[{"embeddable":true,"href":"https:\/\/www.caririemacao.com\/1\/wp-json\/wp\/v2\/media\/159460"}],"wp:attachment":[{"href":"https:\/\/www.caririemacao.com\/1\/wp-json\/wp\/v2\/media?parent=159459"}],"wp:term":[{"taxonomy":"category","embeddable":true,"href":"https:\/\/www.caririemacao.com\/1\/wp-json\/wp\/v2\/categories?post=159459"},{"taxonomy":"post_tag","embeddable":true,"href":"https:\/\/www.caririemacao.com\/1\/wp-json\/wp\/v2\/tags?post=159459"}],"curies":[{"name":"wp","href":"https:\/\/api.w.org\/{rel}","templated":true}]}}