{"id":159462,"date":"2020-03-21T20:25:37","date_gmt":"2020-03-21T23:25:37","guid":{"rendered":"http:\/\/www.caririemacao.com\/1\/?p=159462"},"modified":"2020-03-21T20:25:39","modified_gmt":"2020-03-21T23:25:39","slug":"porto-alegre-igrejas-sao-fechadas-por-desrespeitaram-proibicao-de-culto","status":"publish","type":"post","link":"https:\/\/www.caririemacao.com\/1\/2020\/03\/21\/porto-alegre-igrejas-sao-fechadas-por-desrespeitaram-proibicao-de-culto\/","title":{"rendered":"Porto Alegre: Igrejas s\u00e3o fechadas por desrespeitaram proibi\u00e7\u00e3o de culto"},"content":{"rendered":"\n<p>Ap\u00f3s receber den\u00fancia, a prefeitura de Porto Alegre (RS) interditou duas igrejas do Centro Hist\u00f3rico da cidade, que desrespeitaram proibi\u00e7\u00e3o de realiza\u00e7\u00e3o de eventos religiosos. Os fiscais fecharam templos da Igreja Universal do Reino de Deus e da Igreja Internacional da Gra\u00e7a de Deus.<\/p>\n\n\n\n<p>A medida foi tomada depois que a prefeitura recebeu v\u00eddeo que mostrava fi\u00e9is saindo de um culto na noite da \u00faltima sexta-feira (20) pelos fundos da Universal. Desde a ter\u00e7a (17) est\u00e1 proibido esse tipo de reuni\u00e3o na capital ga\u00facha, bem como o funcionamento de museus, bibliotecas e outras atividades, a fim de se evitar aglomera\u00e7\u00f5es e transmiss\u00e3o do novo coronav\u00edrus.<\/p>\n\n\n\n<p>Os agentes da Secretaria Municipal de Desenvolvimento Econ\u00f4mico adesivaram as portas dos templos, numa opera\u00e7\u00e3o que contou com o apoio da Guarda Municipal.<\/p>\n\n\n\n<p>&#8220;N\u00e3o podemos admitir que nenhuma institui\u00e7\u00e3o ou estabelecimento quebre os protocolos neste momento de emerg\u00eancia e enfrentamento do coronav\u00edrus. Todo espa\u00e7o com grande concentra\u00e7\u00e3o de p\u00fablico deve fechar imediatamente para a sa\u00fade e seguran\u00e7a de todos&#8221;, declarou o diretor de Fiscaliza\u00e7\u00e3o da Secretaria Municipal de Desenvolvimento Econ\u00f4mico (SMDE), Denis Carvalho, atrav\u00e9s de nota publicada pelo portal da prefeitura.<\/p>\n\n\n\n<p>Foi disponibilizado o n\u00famero de telefone 156 para den\u00fancias de desrespeito ao decreto municipal 20.523, que coibe as aglomera\u00e7\u00f5es em Porto Alegre.<\/p>\n\n\n\n<p>Com Di\u00e1rio do Nordeste<\/p>\n","protected":false},"excerpt":{"rendered":"<p>Ap\u00f3s receber den\u00fancia, a prefeitura de Porto Alegre (RS) interditou duas igrejas do Centro Hist\u00f3rico da cidade, que desrespeitaram proibi\u00e7\u00e3o de realiza\u00e7\u00e3o de eventos religiosos.&hellip; <\/p>\n","protected":false},"author":1,"featured_media":81896,"comment_status":"closed","ping_status":"closed","sticky":false,"template":"","format":"standard","meta":{"sfsi_plus_gutenberg_text_before_share":"","sfsi_plus_gutenberg_show_text_before_share":"","sfsi_plus_gutenberg_icon_type":"","sfsi_plus_gutenberg_icon_alignemt":"","sfsi_plus_gutenburg_max_per_row":"","footnotes":""},"categories":[6,50],"tags":[],"class_list":["post-159462","post","type-post","status-publish","format-standard","has-post-thumbnail","hentry","category-cidades","category-destaque"],"_links":{"self":[{"href":"https:\/\/www.caririemacao.com\/1\/wp-json\/wp\/v2\/posts\/159462","targetHints":{"allow":["GET"]}}],"collection":[{"href":"https:\/\/www.caririemacao.com\/1\/wp-json\/wp\/v2\/posts"}],"about":[{"href":"https:\/\/www.caririemacao.com\/1\/wp-json\/wp\/v2\/types\/post"}],"author":[{"embeddable":true,"href":"https:\/\/www.caririemacao.com\/1\/wp-json\/wp\/v2\/users\/1"}],"replies":[{"embeddable":true,"href":"https:\/\/www.caririemacao.com\/1\/wp-json\/wp\/v2\/comments?post=159462"}],"version-history":[{"count":1,"href":"https:\/\/www.caririemacao.com\/1\/wp-json\/wp\/v2\/posts\/159462\/revisions"}],"predecessor-version":[{"id":159463,"href":"https:\/\/www.caririemacao.com\/1\/wp-json\/wp\/v2\/posts\/159462\/revisions\/159463"}],"wp:featuredmedia":[{"embeddable":true,"href":"https:\/\/www.caririemacao.com\/1\/wp-json\/wp\/v2\/media\/81896"}],"wp:attachment":[{"href":"https:\/\/www.caririemacao.com\/1\/wp-json\/wp\/v2\/media?parent=159462"}],"wp:term":[{"taxonomy":"category","embeddable":true,"href":"https:\/\/www.caririemacao.com\/1\/wp-json\/wp\/v2\/categories?post=159462"},{"taxonomy":"post_tag","embeddable":true,"href":"https:\/\/www.caririemacao.com\/1\/wp-json\/wp\/v2\/tags?post=159462"}],"curies":[{"name":"wp","href":"https:\/\/api.w.org\/{rel}","templated":true}]}}