{"id":159464,"date":"2020-03-21T20:32:18","date_gmt":"2020-03-21T23:32:18","guid":{"rendered":"http:\/\/www.caririemacao.com\/1\/?p=159464"},"modified":"2020-03-21T20:32:19","modified_gmt":"2020-03-21T23:32:19","slug":"laboratorio-do-exercito-sera-usado-pelo-governo-para-produzir-cloroquina","status":"publish","type":"post","link":"https:\/\/www.caririemacao.com\/1\/2020\/03\/21\/laboratorio-do-exercito-sera-usado-pelo-governo-para-produzir-cloroquina\/","title":{"rendered":"Laborat\u00f3rio do Ex\u00e9rcito ser\u00e1 usado pelo Governo, para produzir cloroquina"},"content":{"rendered":"\n<p>O presidente Jair Bolsonaro divulgou na tarde hoje (21), nas redes sociais, um v\u00eddeo em que afirma que o hospital Albert Einstein deu in\u00edcio a pesquisas sobre o uso de cloroquina e da hidroxicloroquina &#8211; subst\u00e2ncias usadas normalmente no combate ao v\u00edrus da mal\u00e1ria, no combate ao l\u00fapus e \u00e0 artrite reumatoide &#8211; no combate ao novo coronav\u00edrus.&nbsp;<\/p>\n\n\n\n<p>O presidente afirmou ainda que, em parceria com o ministro da Defesa, Fernando Azevedo e Silva, usar\u00e1 o laborat\u00f3rio qu\u00edmico e farmac\u00eautico do Ex\u00e9rcito para ampliar a produ\u00e7\u00e3o das subst\u00e2ncias. Bolsonaro comentou ainda que o Brasil dever\u00e1 manter o estoque do medicamento, e que a produ\u00e7\u00e3o nacional n\u00e3o ser\u00e1 vendida a outros pa\u00edses.<\/p>\n\n\n\n<p><strong>Alerta<\/strong><\/p>\n\n\n\n<p>Os brasileiros n\u00e3o devem comprar hidroxicloroquina para se prevenir contra o coronav\u00edrus. O alerta \u00e9 feito pela pneumologista Margareth Dalcolmo, pesquisadora da Fiocruz. \u201cN\u00e3o, n\u00e3o devem compr\u00e1-los de modo algum.\u201d<\/p>\n\n\n\n<p>&#8220;Quem deve usar esses medicamentos s\u00e3o as pessoas com doen\u00e7a autoimune. S\u00e3o pessoas que fazem uso cont\u00ednuo dessa medica\u00e7\u00e3o durante anos de suas vidas e que precisam dela pra controlar as suas doen\u00e7as e hoje j\u00e1 sentem falta na rede comercial de farm\u00e1cia, porque foi comprada de maneira indevida&#8221;, diz Margareth.<\/p>\n","protected":false},"excerpt":{"rendered":"<p>O presidente Jair Bolsonaro divulgou na tarde hoje (21), nas redes sociais, um v\u00eddeo em que afirma que o hospital Albert Einstein deu in\u00edcio a&hellip; <\/p>\n","protected":false},"author":1,"featured_media":151066,"comment_status":"closed","ping_status":"closed","sticky":false,"template":"","format":"standard","meta":{"sfsi_plus_gutenberg_text_before_share":"","sfsi_plus_gutenberg_show_text_before_share":"","sfsi_plus_gutenberg_icon_type":"","sfsi_plus_gutenberg_icon_alignemt":"","sfsi_plus_gutenburg_max_per_row":"","footnotes":""},"categories":[50,16],"tags":[],"class_list":["post-159464","post","type-post","status-publish","format-standard","has-post-thumbnail","hentry","category-destaque","category-saude"],"_links":{"self":[{"href":"https:\/\/www.caririemacao.com\/1\/wp-json\/wp\/v2\/posts\/159464","targetHints":{"allow":["GET"]}}],"collection":[{"href":"https:\/\/www.caririemacao.com\/1\/wp-json\/wp\/v2\/posts"}],"about":[{"href":"https:\/\/www.caririemacao.com\/1\/wp-json\/wp\/v2\/types\/post"}],"author":[{"embeddable":true,"href":"https:\/\/www.caririemacao.com\/1\/wp-json\/wp\/v2\/users\/1"}],"replies":[{"embeddable":true,"href":"https:\/\/www.caririemacao.com\/1\/wp-json\/wp\/v2\/comments?post=159464"}],"version-history":[{"count":1,"href":"https:\/\/www.caririemacao.com\/1\/wp-json\/wp\/v2\/posts\/159464\/revisions"}],"predecessor-version":[{"id":159465,"href":"https:\/\/www.caririemacao.com\/1\/wp-json\/wp\/v2\/posts\/159464\/revisions\/159465"}],"wp:featuredmedia":[{"embeddable":true,"href":"https:\/\/www.caririemacao.com\/1\/wp-json\/wp\/v2\/media\/151066"}],"wp:attachment":[{"href":"https:\/\/www.caririemacao.com\/1\/wp-json\/wp\/v2\/media?parent=159464"}],"wp:term":[{"taxonomy":"category","embeddable":true,"href":"https:\/\/www.caririemacao.com\/1\/wp-json\/wp\/v2\/categories?post=159464"},{"taxonomy":"post_tag","embeddable":true,"href":"https:\/\/www.caririemacao.com\/1\/wp-json\/wp\/v2\/tags?post=159464"}],"curies":[{"name":"wp","href":"https:\/\/api.w.org\/{rel}","templated":true}]}}