{"id":159466,"date":"2020-03-21T20:58:28","date_gmt":"2020-03-21T23:58:28","guid":{"rendered":"http:\/\/www.caririemacao.com\/1\/?p=159466"},"modified":"2020-03-21T20:58:30","modified_gmt":"2020-03-21T23:58:30","slug":"governador-de-sao-paulo-decreta-quarentena-por-15-dias-a-partir-de-terca","status":"publish","type":"post","link":"https:\/\/www.caririemacao.com\/1\/2020\/03\/21\/governador-de-sao-paulo-decreta-quarentena-por-15-dias-a-partir-de-terca\/","title":{"rendered":"Governador de S\u00e3o Paulo decreta quarentena por 15 dias a partir de ter\u00e7a"},"content":{"rendered":"\n<p>O governador do estado de S\u00e3o Paulo, a capital econ\u00f4mica da Am\u00e9rica Latina e o mais atingido do Brasil pela pandemia do coronav\u00edrus, decretou a quarentena por 15 dias a partir de ter\u00e7a-feira, o que implica o fechamento de &#8220;servi\u00e7os n\u00e3o essenciais&#8221;.<\/p>\n\n\n\n<p>&#8220;O governo do estado de S\u00e3o Paulo est\u00e1 decretando quarentena por 15 dias a partir de 24 de mar\u00e7o&#8221;, declarou o governador Jo\u00e3o Doria em coletiva de imprensa, explicando que a medida &#8220;implica a determina\u00e7\u00e3o do fechamento de todo o com\u00e9rcio e servi\u00e7os n\u00e3o essenciais&#8221;.<\/p>\n\n\n\n<p>D\u00f3ria explicou que fechar\u00e3o os &#8220;bares, caf\u00e9s e restaurantes&#8221; nos 640 munic\u00edpios de S\u00e3o Paulo, que conta com 46 milh\u00f5es de habitantes e registra 15 mortos pelo COVID-19 e 396 infectados.<\/p>\n\n\n\n<p>A capital do estado tem 13 milh\u00f5es de habitantes, tornando-se a cidade mais povoada da Am\u00e9rica Latina.<\/p>\n\n\n\n<p>Por outro lado, os servi\u00e7os de sa\u00fade, seguran\u00e7a, bancos, supermercados, padarias e o transporte p\u00fablico continuar\u00e3o funcionando, mas respeitando as medidas de preven\u00e7\u00e3o de cont\u00e1gios.<\/p>\n\n\n\n<p>&#8220;Nenhuma medida aqui anunciada \u00e9 restritiva ao trabalho das ind\u00fastrias. A ind\u00fastria n\u00e3o tem atendimento ao p\u00fablico&#8221;, explicou D\u00f3ria.<\/p>\n\n\n\n<p>O Brasil, com mais de 210 millh\u00f5es de habitantes, registra 11 mortos e \u00a0904 infectados, a maioria nos estados de S\u00e3o Paulo e Rio de Janeiro, segundo dados oficiais.<\/p>\n\n\n\n<p>Com Di\u00e1rio do Nordeste<\/p>\n","protected":false},"excerpt":{"rendered":"<p>O governador do estado de S\u00e3o Paulo, a capital econ\u00f4mica da Am\u00e9rica Latina e o mais atingido do Brasil pela pandemia do coronav\u00edrus, decretou a&hellip; <\/p>\n","protected":false},"author":1,"featured_media":159467,"comment_status":"closed","ping_status":"closed","sticky":false,"template":"","format":"standard","meta":{"sfsi_plus_gutenberg_text_before_share":"","sfsi_plus_gutenberg_show_text_before_share":"","sfsi_plus_gutenberg_icon_type":"","sfsi_plus_gutenberg_icon_alignemt":"","sfsi_plus_gutenburg_max_per_row":"","footnotes":""},"categories":[6,16],"tags":[],"class_list":["post-159466","post","type-post","status-publish","format-standard","has-post-thumbnail","hentry","category-cidades","category-saude"],"_links":{"self":[{"href":"https:\/\/www.caririemacao.com\/1\/wp-json\/wp\/v2\/posts\/159466","targetHints":{"allow":["GET"]}}],"collection":[{"href":"https:\/\/www.caririemacao.com\/1\/wp-json\/wp\/v2\/posts"}],"about":[{"href":"https:\/\/www.caririemacao.com\/1\/wp-json\/wp\/v2\/types\/post"}],"author":[{"embeddable":true,"href":"https:\/\/www.caririemacao.com\/1\/wp-json\/wp\/v2\/users\/1"}],"replies":[{"embeddable":true,"href":"https:\/\/www.caririemacao.com\/1\/wp-json\/wp\/v2\/comments?post=159466"}],"version-history":[{"count":1,"href":"https:\/\/www.caririemacao.com\/1\/wp-json\/wp\/v2\/posts\/159466\/revisions"}],"predecessor-version":[{"id":159468,"href":"https:\/\/www.caririemacao.com\/1\/wp-json\/wp\/v2\/posts\/159466\/revisions\/159468"}],"wp:featuredmedia":[{"embeddable":true,"href":"https:\/\/www.caririemacao.com\/1\/wp-json\/wp\/v2\/media\/159467"}],"wp:attachment":[{"href":"https:\/\/www.caririemacao.com\/1\/wp-json\/wp\/v2\/media?parent=159466"}],"wp:term":[{"taxonomy":"category","embeddable":true,"href":"https:\/\/www.caririemacao.com\/1\/wp-json\/wp\/v2\/categories?post=159466"},{"taxonomy":"post_tag","embeddable":true,"href":"https:\/\/www.caririemacao.com\/1\/wp-json\/wp\/v2\/tags?post=159466"}],"curies":[{"name":"wp","href":"https:\/\/api.w.org\/{rel}","templated":true}]}}