{"id":159471,"date":"2020-03-21T21:09:58","date_gmt":"2020-03-22T00:09:58","guid":{"rendered":"http:\/\/www.caririemacao.com\/1\/?p=159471"},"modified":"2020-03-21T21:09:59","modified_gmt":"2020-03-22T00:09:59","slug":"paraiba-cidade-registra-tres-casos-suspeitos-do-coronavirus-agora-sao-8-no-total","status":"publish","type":"post","link":"https:\/\/www.caririemacao.com\/1\/2020\/03\/21\/paraiba-cidade-registra-tres-casos-suspeitos-do-coronavirus-agora-sao-8-no-total\/","title":{"rendered":"Para\u00edba: cidade registra tr\u00eas casos suspeitos do coronav\u00edrus; agora s\u00e3o 8 no total"},"content":{"rendered":"\n<p>Subiu para oito o n\u00famero de casos suspeitos de Covid-19 por Coronav\u00edrus na cidade de Santa Rita. S\u00e3o tr\u00eas casos a mais em rela\u00e7\u00e3o \u00e0s \u00faltimas 24 horas.<\/p>\n\n\n\n<p>Os n\u00fameros foram divulgados pela Prefeitura Municipal nas redes sociais, neste s\u00e1bado (21).<\/p>\n\n\n\n<p>Ontem foram confirmados 5 casos suspeitos em uma mesma fam\u00edlia. Um jovem estudante de medicina da UFPB tem asma, est\u00e1 no grupo de risco e apresentou sintomas de resfriado. Ele, sua esposa, sua filha pequena e seus pais coletaram material para exame na \u00faltima quinta-feira (19).<\/p>\n\n\n\n<p>A fam\u00edlia, que reside no Tibiri 2, assim como os outros tr\u00eas casos est\u00e3o de quarentena aguardando os resultados.<\/p>\n\n\n\n<p>As informa\u00e7\u00f5es s\u00e3o do&nbsp;News Para\u00edba.<\/p>\n","protected":false},"excerpt":{"rendered":"<p>Subiu para oito o n\u00famero de casos suspeitos de Covid-19 por Coronav\u00edrus na cidade de Santa Rita. S\u00e3o tr\u00eas casos a mais em rela\u00e7\u00e3o \u00e0s&hellip; <\/p>\n","protected":false},"author":1,"featured_media":158759,"comment_status":"closed","ping_status":"closed","sticky":false,"template":"","format":"standard","meta":{"sfsi_plus_gutenberg_text_before_share":"","sfsi_plus_gutenberg_show_text_before_share":"","sfsi_plus_gutenberg_icon_type":"","sfsi_plus_gutenberg_icon_alignemt":"","sfsi_plus_gutenburg_max_per_row":"","footnotes":""},"categories":[6,50,16],"tags":[],"class_list":["post-159471","post","type-post","status-publish","format-standard","has-post-thumbnail","hentry","category-cidades","category-destaque","category-saude"],"_links":{"self":[{"href":"https:\/\/www.caririemacao.com\/1\/wp-json\/wp\/v2\/posts\/159471","targetHints":{"allow":["GET"]}}],"collection":[{"href":"https:\/\/www.caririemacao.com\/1\/wp-json\/wp\/v2\/posts"}],"about":[{"href":"https:\/\/www.caririemacao.com\/1\/wp-json\/wp\/v2\/types\/post"}],"author":[{"embeddable":true,"href":"https:\/\/www.caririemacao.com\/1\/wp-json\/wp\/v2\/users\/1"}],"replies":[{"embeddable":true,"href":"https:\/\/www.caririemacao.com\/1\/wp-json\/wp\/v2\/comments?post=159471"}],"version-history":[{"count":1,"href":"https:\/\/www.caririemacao.com\/1\/wp-json\/wp\/v2\/posts\/159471\/revisions"}],"predecessor-version":[{"id":159472,"href":"https:\/\/www.caririemacao.com\/1\/wp-json\/wp\/v2\/posts\/159471\/revisions\/159472"}],"wp:featuredmedia":[{"embeddable":true,"href":"https:\/\/www.caririemacao.com\/1\/wp-json\/wp\/v2\/media\/158759"}],"wp:attachment":[{"href":"https:\/\/www.caririemacao.com\/1\/wp-json\/wp\/v2\/media?parent=159471"}],"wp:term":[{"taxonomy":"category","embeddable":true,"href":"https:\/\/www.caririemacao.com\/1\/wp-json\/wp\/v2\/categories?post=159471"},{"taxonomy":"post_tag","embeddable":true,"href":"https:\/\/www.caririemacao.com\/1\/wp-json\/wp\/v2\/tags?post=159471"}],"curies":[{"name":"wp","href":"https:\/\/api.w.org\/{rel}","templated":true}]}}