{"id":159473,"date":"2020-03-22T08:51:49","date_gmt":"2020-03-22T11:51:49","guid":{"rendered":"http:\/\/www.caririemacao.com\/1\/?p=159473"},"modified":"2020-03-22T08:53:21","modified_gmt":"2020-03-22T11:53:21","slug":"cavalo-emociona-a-todos-ao-se-despedir-de-seu-dono-no-cariri","status":"publish","type":"post","link":"https:\/\/www.caririemacao.com\/1\/2020\/03\/22\/cavalo-emociona-a-todos-ao-se-despedir-de-seu-dono-no-cariri\/","title":{"rendered":"No Cariri: Cavalo emociona a todos, ao se despedir de seu dono"},"content":{"rendered":"\n<p>O vaqueiro Jos\u00e9 da Silva Pedrosa, 68 anos, residente no bairro do Pil\u00e3o, em Serra Branca, morreu e foi sepultado neste s\u00e1bado (21). Um fato chamou a aten\u00e7\u00e3o dos presentes, a despedida do cavalo do seu Jos\u00e9, que minutos antes do sepultamento se aproximou do caix\u00e3o como forma de despedida.<\/p>\n\n\n\n<p>O gesto do animal gerou emo\u00e7\u00e3o aos presentes e atendeu um pedido de seu Jos\u00e9 da Silva que durante toda sua vida cumpriu a miss\u00e3o de ser vaqueiro.<\/p>\n\n\n\n<figure class=\"wp-block-embed-youtube wp-block-embed is-type-video is-provider-youtube wp-embed-aspect-16-9 wp-has-aspect-ratio\"><div class=\"wp-block-embed__wrapper\">\n<div class=\"ose-youtube ose-uid-5d38e966a0b21c5c16b57f4497c3a2bc ose-embedpress-responsive\" style=\"width:600px; height:550px; max-height:550px; max-width:100%; display:inline-block;\" data-embed-type=\"Youtube\"><iframe allowFullScreen=\"true\" title=\"No Cariri: cavalo se despede do dono antes do sepultamento\" width=\"600\" height=\"550\" data-src=\"https:\/\/www.youtube.com\/embed\/xsBa71H8wpA?feature=oembed&color=red&rel=0&controls=1&start=&end=&fs=0&iv_load_policy=0&autoplay=0&mute=0&modestbranding=0&cc_load_policy=1&playsinline=1\" frameborder=\"0\" allow=\"accelerometer; encrypted-media;accelerometer;autoplay;clipboard-write;gyroscope;picture-in-picture clipboard-write; encrypted-media; gyroscope; picture-in-picture; web-share\" referrerpolicy=\"strict-origin-when-cross-origin\" allowfullscreen src=\"data:image\/svg+xml;base64,PHN2ZyB3aWR0aD0iMSIgaGVpZ2h0PSIxIiB4bWxucz0iaHR0cDovL3d3dy53My5vcmcvMjAwMC9zdmciPjwvc3ZnPg==\" class=\"lazyload\" data-load-mode=\"1\"><\/iframe><\/div>\n<\/div><\/figure>\n\n\n\n<p>Com blog Bruno Lira<\/p>\n","protected":false},"excerpt":{"rendered":"<p>O vaqueiro Jos\u00e9 da Silva Pedrosa, 68 anos, residente no bairro do Pil\u00e3o, em Serra Branca, morreu e foi sepultado neste s\u00e1bado (21). Um fato&hellip; <\/p>\n","protected":false},"author":1,"featured_media":159474,"comment_status":"closed","ping_status":"closed","sticky":false,"template":"","format":"standard","meta":{"sfsi_plus_gutenberg_text_before_share":"","sfsi_plus_gutenberg_show_text_before_share":"","sfsi_plus_gutenberg_icon_type":"","sfsi_plus_gutenberg_icon_alignemt":"","sfsi_plus_gutenburg_max_per_row":"","footnotes":""},"categories":[6,50],"tags":[],"class_list":["post-159473","post","type-post","status-publish","format-standard","has-post-thumbnail","hentry","category-cidades","category-destaque"],"_links":{"self":[{"href":"https:\/\/www.caririemacao.com\/1\/wp-json\/wp\/v2\/posts\/159473","targetHints":{"allow":["GET"]}}],"collection":[{"href":"https:\/\/www.caririemacao.com\/1\/wp-json\/wp\/v2\/posts"}],"about":[{"href":"https:\/\/www.caririemacao.com\/1\/wp-json\/wp\/v2\/types\/post"}],"author":[{"embeddable":true,"href":"https:\/\/www.caririemacao.com\/1\/wp-json\/wp\/v2\/users\/1"}],"replies":[{"embeddable":true,"href":"https:\/\/www.caririemacao.com\/1\/wp-json\/wp\/v2\/comments?post=159473"}],"version-history":[{"count":2,"href":"https:\/\/www.caririemacao.com\/1\/wp-json\/wp\/v2\/posts\/159473\/revisions"}],"predecessor-version":[{"id":159476,"href":"https:\/\/www.caririemacao.com\/1\/wp-json\/wp\/v2\/posts\/159473\/revisions\/159476"}],"wp:featuredmedia":[{"embeddable":true,"href":"https:\/\/www.caririemacao.com\/1\/wp-json\/wp\/v2\/media\/159474"}],"wp:attachment":[{"href":"https:\/\/www.caririemacao.com\/1\/wp-json\/wp\/v2\/media?parent=159473"}],"wp:term":[{"taxonomy":"category","embeddable":true,"href":"https:\/\/www.caririemacao.com\/1\/wp-json\/wp\/v2\/categories?post=159473"},{"taxonomy":"post_tag","embeddable":true,"href":"https:\/\/www.caririemacao.com\/1\/wp-json\/wp\/v2\/tags?post=159473"}],"curies":[{"name":"wp","href":"https:\/\/api.w.org\/{rel}","templated":true}]}}