{"id":159477,"date":"2020-03-22T09:12:59","date_gmt":"2020-03-22T12:12:59","guid":{"rendered":"http:\/\/www.caririemacao.com\/1\/?p=159477"},"modified":"2020-03-22T09:13:00","modified_gmt":"2020-03-22T12:13:00","slug":"pernambuco-justica-proibe-greve-de-enfermeiros-que-se-queixam-de-falta-de-epis-contra-coronavirus","status":"publish","type":"post","link":"https:\/\/www.caririemacao.com\/1\/2020\/03\/22\/pernambuco-justica-proibe-greve-de-enfermeiros-que-se-queixam-de-falta-de-epis-contra-coronavirus\/","title":{"rendered":"Pernambuco: Justi\u00e7a pro\u00edbe greve de enfermeiros, que se queixam de falta de EPIs contra coronav\u00edrus"},"content":{"rendered":"\n<p>O Tribunal de Justi\u00e7a do Estado de Pernambuco (TJPE) emitiu neste s\u00e1bado (21) uma ordem que pro\u00edbe\u00a0a\u00a0greve dos enfermeiros que estava programada para come\u00e7ar na pr\u00f3xima segunda-feira (23). A\u00a0decis\u00e3o foi expedida pelo desembargador F\u00e1bio Eug\u00eanio Dantas de Oliveira Lima, com fundamento no art. 300 do CPC\/2015. Caso a decis\u00e3o seja descumprida, o Sindicato dos Enfermeiros no Estado de Pernambuco (SEEPE) ter\u00e1 que arcar com uma multa fixa de R$ 100 mil, por dia.<\/p>\n\n\n\n<p>Em um trecho da a\u00e7\u00e3o, o desembargador\u00a0aponta que a paralisa\u00e7\u00e3o da categoria trar\u00e1 preju\u00edzos \u00e0 popula\u00e7\u00e3o pernambucana,\u00a0no combate ao\u00a0surto do novo coronav\u00edrus no Brasil.\u00a0O Estado possui 33 casos confirmados da covid-19.<\/p>\n\n\n\n<p>Ainda de acordo com a ordem expedida pelo TJPE, o Governo de Pernambuco est\u00e1 tomando decis\u00f5es consideradas &#8220;en\u00e9rgicas&#8221; para suprir as necessidades dos equipamentos de prote\u00e7\u00e3o individual (m\u00e1scara, avental, gorro e \u00f3culos de prote\u00e7\u00e3o), que vinham sendo requisitados pelos enfermeiros.<\/p>\n\n\n\n<h2 class=\"wp-block-heading\">O que diz o Sindicato dos Enfermeiros do Estado de Pernambuco?<\/h2>\n\n\n\n<p>Em entrevista ao\u00a0Jornal do Com\u00e9rcio, a presidente do SEEPE, Ludmila Outtes, informou que ainda n\u00e3o foi notificada da decis\u00e3o, mas pretende recorrer. Outtes apontou que, ao inv\u00e9s de a Justi\u00e7a notificar o sindicato por conta de uma greve, deveria ordenar ao Governo do Estado\u00a0a suprir\u00a0as necessidades dos profissionais de sa\u00fade.<\/p>\n\n\n\n<blockquote class=\"wp-block-quote is-layout-flow wp-block-quote-is-layout-flow\"><p>A Justi\u00e7a deveria fazer o contr\u00e1rio e obrigar o Estado a garantir os EPIs para os profissionais, porque a gente n\u00e3o quer se exp\u00f4r ao risco. O que a gente est\u00e1 fazendo \u00e9 protegendo a nossa vida e \u00e9 obriga\u00e7\u00e3o da Justi\u00e7a tamb\u00e9m proteger<\/p><\/blockquote>\n\n\n\n<p>Ludmila Outtes<\/p>\n\n\n\n<p>Ludmilla assegurou ainda que a greve agendada para a pr\u00f3xima segunda (23) est\u00e1 de p\u00e9.<\/p>\n\n\n\n<p>Com Uol\/Thalis Ara\u00fajo<\/p>\n","protected":false},"excerpt":{"rendered":"<p>O Tribunal de Justi\u00e7a do Estado de Pernambuco (TJPE) emitiu neste s\u00e1bado (21) uma ordem que pro\u00edbe\u00a0a\u00a0greve dos enfermeiros que estava programada para come\u00e7ar na&hellip; <\/p>\n","protected":false},"author":1,"featured_media":152306,"comment_status":"closed","ping_status":"closed","sticky":false,"template":"","format":"standard","meta":{"sfsi_plus_gutenberg_text_before_share":"","sfsi_plus_gutenberg_show_text_before_share":"","sfsi_plus_gutenberg_icon_type":"","sfsi_plus_gutenberg_icon_alignemt":"","sfsi_plus_gutenburg_max_per_row":"","footnotes":""},"categories":[6,16],"tags":[],"class_list":["post-159477","post","type-post","status-publish","format-standard","has-post-thumbnail","hentry","category-cidades","category-saude"],"_links":{"self":[{"href":"https:\/\/www.caririemacao.com\/1\/wp-json\/wp\/v2\/posts\/159477","targetHints":{"allow":["GET"]}}],"collection":[{"href":"https:\/\/www.caririemacao.com\/1\/wp-json\/wp\/v2\/posts"}],"about":[{"href":"https:\/\/www.caririemacao.com\/1\/wp-json\/wp\/v2\/types\/post"}],"author":[{"embeddable":true,"href":"https:\/\/www.caririemacao.com\/1\/wp-json\/wp\/v2\/users\/1"}],"replies":[{"embeddable":true,"href":"https:\/\/www.caririemacao.com\/1\/wp-json\/wp\/v2\/comments?post=159477"}],"version-history":[{"count":1,"href":"https:\/\/www.caririemacao.com\/1\/wp-json\/wp\/v2\/posts\/159477\/revisions"}],"predecessor-version":[{"id":159478,"href":"https:\/\/www.caririemacao.com\/1\/wp-json\/wp\/v2\/posts\/159477\/revisions\/159478"}],"wp:featuredmedia":[{"embeddable":true,"href":"https:\/\/www.caririemacao.com\/1\/wp-json\/wp\/v2\/media\/152306"}],"wp:attachment":[{"href":"https:\/\/www.caririemacao.com\/1\/wp-json\/wp\/v2\/media?parent=159477"}],"wp:term":[{"taxonomy":"category","embeddable":true,"href":"https:\/\/www.caririemacao.com\/1\/wp-json\/wp\/v2\/categories?post=159477"},{"taxonomy":"post_tag","embeddable":true,"href":"https:\/\/www.caririemacao.com\/1\/wp-json\/wp\/v2\/tags?post=159477"}],"curies":[{"name":"wp","href":"https:\/\/api.w.org\/{rel}","templated":true}]}}