{"id":159479,"date":"2020-03-22T09:20:26","date_gmt":"2020-03-22T12:20:26","guid":{"rendered":"http:\/\/www.caririemacao.com\/1\/?p=159479"},"modified":"2020-03-22T09:20:27","modified_gmt":"2020-03-22T12:20:27","slug":"coronavirus-1-caso-suspeito-e-registrado-em-monteiro-pb","status":"publish","type":"post","link":"https:\/\/www.caririemacao.com\/1\/2020\/03\/22\/coronavirus-1-caso-suspeito-e-registrado-em-monteiro-pb\/","title":{"rendered":"Coronav\u00edrus: 1\u00b0 caso suspeito \u00e9 registrado em Monteiro-PB"},"content":{"rendered":"\n<p>A Ger\u00eancia de Epidemiologia da Prefeitura de Monteiro divulgou neste s\u00e1bado (21), o primeiro boletim epidemiol\u00f3gico que trata da doen\u00e7a pelo novo coronav\u00edrus (Covid-19) no munic\u00edpio.<\/p>\n\n\n\n<div class=\"wp-block-image\"><figure class=\"alignright\"><img decoding=\"async\" data-src=\"http:\/\/deolhonocariri.com.br\/wp-content\/uploads\/2020\/03\/90776061_235077487632380_1103975833963331584_n.jpg\" alt=\"\" class=\"wp-image-79528 lazyload\" src=\"data:image\/svg+xml;base64,PHN2ZyB3aWR0aD0iMSIgaGVpZ2h0PSIxIiB4bWxucz0iaHR0cDovL3d3dy53My5vcmcvMjAwMC9zdmciPjwvc3ZnPg==\" \/><\/figure><\/div>\n\n\n\n<p>Consta no referido Boletim, apenas 01 caso suspeito em investiga\u00e7\u00e3o do novo Coronav\u00edrus em Monteiro. Nenhum caso foi oficialmente confirmado no munic\u00edpio de Monteiro. O caso suspeito tamb\u00e9m foi confirmado pela Secretaria de Estado da Sa\u00fade.<\/p>\n\n\n\n<p>De acordo com informa\u00e7\u00f5es, a paciente sob suspeita \u00e9 uma mulher, que apresentou sintomas do Coronav\u00edrus, como dificuldades para respirar, e provavelmente teria vindo de outro Estado para o munic\u00edpio. Ela t\u00e1 isolada em um leito do Hospital Regional de Monteiro, que realizou adequa\u00e7\u00f5es para receber casos do Covid-19.<\/p>\n\n\n\n<p>O exame para detectar a doen\u00e7a j\u00e1 foi realizada e se aguarda o resultado.<\/p>\n\n\n\n<p>A Secretaria de Sa\u00fade de Monteiro refor\u00e7a a recomenda\u00e7\u00e3o para que a popula\u00e7\u00e3o mantenha em isolamento social para evitar a prolifera\u00e7\u00e3o do v\u00edrus, saindo de suas casas apenas em casos de estrita necessidade.<\/p>\n\n\n\n<p>J\u00e1 na noite deste s\u00e1bado, as ruas de Monteiro ficaram desertas, com pouca movimenta\u00e7\u00e3o. Os bares, restaurantes, lanchonetes e demais estabelecimentos ficaram fechados, atendendo apenas pedidos para entrega. A Pol\u00edcia Militar tamb\u00e9m auxiliou nas medidas, juntamente com a Vigil\u00e2ncia Sanit\u00e1ria do munic\u00edpio.<\/p>\n\n\n\n<p>Com De Olho no Cariri<\/p>\n","protected":false},"excerpt":{"rendered":"<p>A Ger\u00eancia de Epidemiologia da Prefeitura de Monteiro divulgou neste s\u00e1bado (21), o primeiro boletim epidemiol\u00f3gico que trata da doen\u00e7a pelo novo coronav\u00edrus (Covid-19) no&hellip; <\/p>\n","protected":false},"author":1,"featured_media":159482,"comment_status":"closed","ping_status":"closed","sticky":false,"template":"","format":"standard","meta":{"sfsi_plus_gutenberg_text_before_share":"","sfsi_plus_gutenberg_show_text_before_share":"","sfsi_plus_gutenberg_icon_type":"","sfsi_plus_gutenberg_icon_alignemt":"","sfsi_plus_gutenburg_max_per_row":"","footnotes":""},"categories":[6,50,16],"tags":[],"class_list":["post-159479","post","type-post","status-publish","format-standard","has-post-thumbnail","hentry","category-cidades","category-destaque","category-saude"],"_links":{"self":[{"href":"https:\/\/www.caririemacao.com\/1\/wp-json\/wp\/v2\/posts\/159479","targetHints":{"allow":["GET"]}}],"collection":[{"href":"https:\/\/www.caririemacao.com\/1\/wp-json\/wp\/v2\/posts"}],"about":[{"href":"https:\/\/www.caririemacao.com\/1\/wp-json\/wp\/v2\/types\/post"}],"author":[{"embeddable":true,"href":"https:\/\/www.caririemacao.com\/1\/wp-json\/wp\/v2\/users\/1"}],"replies":[{"embeddable":true,"href":"https:\/\/www.caririemacao.com\/1\/wp-json\/wp\/v2\/comments?post=159479"}],"version-history":[{"count":1,"href":"https:\/\/www.caririemacao.com\/1\/wp-json\/wp\/v2\/posts\/159479\/revisions"}],"predecessor-version":[{"id":159483,"href":"https:\/\/www.caririemacao.com\/1\/wp-json\/wp\/v2\/posts\/159479\/revisions\/159483"}],"wp:featuredmedia":[{"embeddable":true,"href":"https:\/\/www.caririemacao.com\/1\/wp-json\/wp\/v2\/media\/159482"}],"wp:attachment":[{"href":"https:\/\/www.caririemacao.com\/1\/wp-json\/wp\/v2\/media?parent=159479"}],"wp:term":[{"taxonomy":"category","embeddable":true,"href":"https:\/\/www.caririemacao.com\/1\/wp-json\/wp\/v2\/categories?post=159479"},{"taxonomy":"post_tag","embeddable":true,"href":"https:\/\/www.caririemacao.com\/1\/wp-json\/wp\/v2\/tags?post=159479"}],"curies":[{"name":"wp","href":"https:\/\/api.w.org\/{rel}","templated":true}]}}