{"id":159488,"date":"2020-03-22T09:23:38","date_gmt":"2020-03-22T12:23:38","guid":{"rendered":"http:\/\/www.caririemacao.com\/1\/?p=159488"},"modified":"2020-03-22T09:23:39","modified_gmt":"2020-03-22T12:23:39","slug":"rodovia-entre-caraubas-e-sao-domingos-do-cariri-rompe-como-previu-populacao-e-autoridades","status":"publish","type":"post","link":"https:\/\/www.caririemacao.com\/1\/2020\/03\/22\/rodovia-entre-caraubas-e-sao-domingos-do-cariri-rompe-como-previu-populacao-e-autoridades\/","title":{"rendered":"Rodovia entre Cara\u00fabas e S\u00e3o Domingos do Cariri rompe como previu popula\u00e7\u00e3o e autoridades"},"content":{"rendered":"\n<p>As chuvas desta semana deixaram a popula\u00e7\u00e3o de Cara\u00fabas e S\u00e3o Domingos do Cariri preocupada. E n\u00e3o era para menos. O trecho denunciado com amea\u00e7a de rompimento se partiu e a rodovia, PB 186, est\u00e1 interrompida para tr\u00e1fego.<\/p>\n\n\n\n<p>A estrada se rompeu pr\u00f3ximo \u00e0 ponte do s\u00edtio Curralinho e h\u00e1 a possibilidade do rompimento ser ainda maior com a continuidade das chuvas.<\/p>\n\n\n\n<p>A estrada se partiu em pequena dimens\u00e3o e sem a ocorr\u00eancia de uma chuva t\u00e3o forte. Com uma precipita\u00e7\u00e3o maior \u00e9 poss\u00edvel que a cratera se abra ainda mais, o que dificultar\u00e1 mais o conserto.<\/p>\n\n\n\n<p>A popula\u00e7\u00e3o pede uma an\u00e1lise r\u00e1pida do rompimento pelo DER.<\/p>\n\n\n\n<p><strong>De Olho no Cariri<\/strong><\/p>\n","protected":false},"excerpt":{"rendered":"<p>As chuvas desta semana deixaram a popula\u00e7\u00e3o de Cara\u00fabas e S\u00e3o Domingos do Cariri preocupada. E n\u00e3o era para menos. O trecho denunciado com amea\u00e7a&hellip; <\/p>\n","protected":false},"author":2,"featured_media":159489,"comment_status":"closed","ping_status":"closed","sticky":false,"template":"","format":"standard","meta":{"sfsi_plus_gutenberg_text_before_share":"","sfsi_plus_gutenberg_show_text_before_share":"","sfsi_plus_gutenberg_icon_type":"","sfsi_plus_gutenberg_icon_alignemt":"","sfsi_plus_gutenburg_max_per_row":"","footnotes":""},"categories":[6,50],"tags":[],"class_list":["post-159488","post","type-post","status-publish","format-standard","has-post-thumbnail","hentry","category-cidades","category-destaque"],"_links":{"self":[{"href":"https:\/\/www.caririemacao.com\/1\/wp-json\/wp\/v2\/posts\/159488","targetHints":{"allow":["GET"]}}],"collection":[{"href":"https:\/\/www.caririemacao.com\/1\/wp-json\/wp\/v2\/posts"}],"about":[{"href":"https:\/\/www.caririemacao.com\/1\/wp-json\/wp\/v2\/types\/post"}],"author":[{"embeddable":true,"href":"https:\/\/www.caririemacao.com\/1\/wp-json\/wp\/v2\/users\/2"}],"replies":[{"embeddable":true,"href":"https:\/\/www.caririemacao.com\/1\/wp-json\/wp\/v2\/comments?post=159488"}],"version-history":[{"count":1,"href":"https:\/\/www.caririemacao.com\/1\/wp-json\/wp\/v2\/posts\/159488\/revisions"}],"predecessor-version":[{"id":159490,"href":"https:\/\/www.caririemacao.com\/1\/wp-json\/wp\/v2\/posts\/159488\/revisions\/159490"}],"wp:featuredmedia":[{"embeddable":true,"href":"https:\/\/www.caririemacao.com\/1\/wp-json\/wp\/v2\/media\/159489"}],"wp:attachment":[{"href":"https:\/\/www.caririemacao.com\/1\/wp-json\/wp\/v2\/media?parent=159488"}],"wp:term":[{"taxonomy":"category","embeddable":true,"href":"https:\/\/www.caririemacao.com\/1\/wp-json\/wp\/v2\/categories?post=159488"},{"taxonomy":"post_tag","embeddable":true,"href":"https:\/\/www.caririemacao.com\/1\/wp-json\/wp\/v2\/tags?post=159488"}],"curies":[{"name":"wp","href":"https:\/\/api.w.org\/{rel}","templated":true}]}}