{"id":159493,"date":"2020-03-22T09:26:25","date_gmt":"2020-03-22T12:26:25","guid":{"rendered":"http:\/\/www.caririemacao.com\/1\/?p=159493"},"modified":"2020-03-22T09:26:27","modified_gmt":"2020-03-22T12:26:27","slug":"prefeito-adriano-wolff-declara-situacao-de-emergencia-e-anuncia-novas-medidas-contra-o-coronavirus","status":"publish","type":"post","link":"https:\/\/www.caririemacao.com\/1\/2020\/03\/22\/prefeito-adriano-wolff-declara-situacao-de-emergencia-e-anuncia-novas-medidas-contra-o-coronavirus\/","title":{"rendered":"Prefeito Adriano Wolff declara situa\u00e7\u00e3o de emerg\u00eancia e anuncia novas medidas contra o Coronav\u00edrus"},"content":{"rendered":"\n<p>O Prefeito de S\u00e3o Sebasti\u00e3o do Umbuzeiro, Adriano Wolff, declarou situa\u00e7\u00e3o de emerg\u00eancia no munic\u00edpio e anunciou novas medidas de combate ao Covid-19 (Novo Coronav\u00edrus). O decreto foi assinado neste s\u00e1bado, dia 21 (Confira abaixo).<\/p>\n\n\n\n<p><br>Entre as medidas adotadas, est\u00e1 a recomenda\u00e7\u00e3o do isolamento social em casas ou similares durante todo o dia, sendo fundamental a aus\u00eancia de pessoas nas ruas, com exce\u00e7\u00e3o dos que estejam atendendo situa\u00e7\u00e3o de emerg\u00eancia, dos profissionais de seguran\u00e7a, de sa\u00fade ou o deslocamento excepcional a farm\u00e1cia, ou unidade hospitalar, ou a comercio de g\u00eaneros aliment\u00edcios e hortifrutigranjeiros.<\/p>\n\n\n\n<p><br>O Prefeito ainda anunciou que est\u00e1 vedada a abertura e funcionamento de quaisquer estabelecimentos comerciais e de servi\u00e7os n\u00e3o essenciais \u00e0 popula\u00e7\u00e3o, exceto, com\u00e9rcio de g\u00eaneros aliment\u00edcios e hortifrutigranjeiros, farm\u00e1cias e padarias<br>\u201cAdotamos novas medidas contra o coronav\u00edrus em nosso munic\u00edpio, pensando no melhor para todos, e essas medidas entram em vigor a partir deste s\u00e1bado, seguindo as recomenda\u00e7\u00f5es do Minist\u00e9rio da Sa\u00fade e do Governo do Estado. Juntos venceremos o coronav\u00edrus\u201d.<br>Confira o Decreto:<br><\/p>\n\n\n\n<figure class=\"wp-block-image\"><img decoding=\"async\" data-src=\"https:\/\/1.bp.blogspot.com\/-1yAlHdqL7JE\/XnYrGlOSdCI\/AAAAAAAAmoM\/1_P57G5AVAQF-51Gv7ETXasZ0dvWsGhgQCLcBGAsYHQ\/s280\/003.jpeg\" alt=\"\" src=\"data:image\/svg+xml;base64,PHN2ZyB3aWR0aD0iMSIgaGVpZ2h0PSIxIiB4bWxucz0iaHR0cDovL3d3dy53My5vcmcvMjAwMC9zdmciPjwvc3ZnPg==\" class=\"lazyload\" \/><\/figure>\n\n\n\n<figure class=\"wp-block-image\"><img decoding=\"async\" data-src=\"https:\/\/1.bp.blogspot.com\/-99Ozbmj-Yv8\/XnYrGzX_DnI\/AAAAAAAAmoQ\/IQl_7jpt6tkO5D4nDvg0Ia-AjBeNRNbGgCLcBGAsYHQ\/s280\/004%2B-%2BCopia.jpeg\" alt=\"\" src=\"data:image\/svg+xml;base64,PHN2ZyB3aWR0aD0iMSIgaGVpZ2h0PSIxIiB4bWxucz0iaHR0cDovL3d3dy53My5vcmcvMjAwMC9zdmciPjwvc3ZnPg==\" class=\"lazyload\" \/><\/figure>\n\n\n\n<figure class=\"wp-block-image\"><img decoding=\"async\" data-src=\"https:\/\/1.bp.blogspot.com\/-wBlHHWT8Z_k\/XnYrGom0g_I\/AAAAAAAAmoI\/0nvwNOpv5JMLg6l6zNN_x5TPGaUtouUiQCLcBGAsYHQ\/s280\/004.jpeg\" alt=\"\" src=\"data:image\/svg+xml;base64,PHN2ZyB3aWR0aD0iMSIgaGVpZ2h0PSIxIiB4bWxucz0iaHR0cDovL3d3dy53My5vcmcvMjAwMC9zdmciPjwvc3ZnPg==\" class=\"lazyload\" \/><\/figure>\n","protected":false},"excerpt":{"rendered":"<p>O Prefeito de S\u00e3o Sebasti\u00e3o do Umbuzeiro, Adriano Wolff, declarou situa\u00e7\u00e3o de emerg\u00eancia no munic\u00edpio e anunciou novas medidas de combate ao Covid-19 (Novo Coronav\u00edrus).&hellip; <\/p>\n","protected":false},"author":2,"featured_media":34920,"comment_status":"closed","ping_status":"closed","sticky":false,"template":"","format":"standard","meta":{"sfsi_plus_gutenberg_text_before_share":"","sfsi_plus_gutenberg_show_text_before_share":"","sfsi_plus_gutenberg_icon_type":"","sfsi_plus_gutenberg_icon_alignemt":"","sfsi_plus_gutenburg_max_per_row":"","footnotes":""},"categories":[2],"tags":[],"class_list":["post-159493","post","type-post","status-publish","format-standard","has-post-thumbnail","hentry","category-geral"],"_links":{"self":[{"href":"https:\/\/www.caririemacao.com\/1\/wp-json\/wp\/v2\/posts\/159493","targetHints":{"allow":["GET"]}}],"collection":[{"href":"https:\/\/www.caririemacao.com\/1\/wp-json\/wp\/v2\/posts"}],"about":[{"href":"https:\/\/www.caririemacao.com\/1\/wp-json\/wp\/v2\/types\/post"}],"author":[{"embeddable":true,"href":"https:\/\/www.caririemacao.com\/1\/wp-json\/wp\/v2\/users\/2"}],"replies":[{"embeddable":true,"href":"https:\/\/www.caririemacao.com\/1\/wp-json\/wp\/v2\/comments?post=159493"}],"version-history":[{"count":1,"href":"https:\/\/www.caririemacao.com\/1\/wp-json\/wp\/v2\/posts\/159493\/revisions"}],"predecessor-version":[{"id":159494,"href":"https:\/\/www.caririemacao.com\/1\/wp-json\/wp\/v2\/posts\/159493\/revisions\/159494"}],"wp:featuredmedia":[{"embeddable":true,"href":"https:\/\/www.caririemacao.com\/1\/wp-json\/wp\/v2\/media\/34920"}],"wp:attachment":[{"href":"https:\/\/www.caririemacao.com\/1\/wp-json\/wp\/v2\/media?parent=159493"}],"wp:term":[{"taxonomy":"category","embeddable":true,"href":"https:\/\/www.caririemacao.com\/1\/wp-json\/wp\/v2\/categories?post=159493"},{"taxonomy":"post_tag","embeddable":true,"href":"https:\/\/www.caririemacao.com\/1\/wp-json\/wp\/v2\/tags?post=159493"}],"curies":[{"name":"wp","href":"https:\/\/api.w.org\/{rel}","templated":true}]}}