{"id":159497,"date":"2020-03-22T09:28:21","date_gmt":"2020-03-22T12:28:21","guid":{"rendered":"http:\/\/www.caririemacao.com\/1\/?p=159497"},"modified":"2020-03-22T09:28:22","modified_gmt":"2020-03-22T12:28:22","slug":"previdencia-social-consolida-datas-de-pagamento-do-13o-dos-aposentados","status":"publish","type":"post","link":"https:\/\/www.caririemacao.com\/1\/2020\/03\/22\/previdencia-social-consolida-datas-de-pagamento-do-13o-dos-aposentados\/","title":{"rendered":"Previd\u00eancia Social consolida datas de pagamento do 13\u00ba dos aposentados"},"content":{"rendered":"\n<p>O INSS (Instituto Nacional do Seguro Social) confirmou as datas da antecipa\u00e7\u00e3o das duas parcelas do 13\u00ba sal\u00e1rio, que ser\u00e3o depositadas nas compet\u00eancias de abril e maio como parte de um conjunto de medidas adotadas pelo governo para tentar amenizar a crise econ\u00f4mica provocada pela pandemia do novo coronav\u00edrus.<\/p>\n\n\n\n<p>O pagamento da primeira parcela ocorrer\u00e1 entre os dias 24 de abril e 8 de maio de 2020. A segunda parte da gratifica\u00e7\u00e3o ser\u00e1 entre 25 de maio e 5 de junho.<\/p>\n\n\n\n<p>A distribui\u00e7\u00e3o dos benefici\u00e1rios entre as datas de pagamento seguir\u00e1 a mesma ordem dos dep\u00f3sitos mensais de aposentadorias, pens\u00f5es e aux\u00edlios.<\/p>\n\n\n\n<p>Segurados que ganham sal\u00e1rio m\u00ednimo come\u00e7am a receber primeiro, j\u00e1 na \u00faltima semana do m\u00eas de cada compet\u00eancia, ou seja, em abril e maio.<\/p>\n\n\n\n<p>Para segurados que ganham acima do piso, os dep\u00f3sitos da primeira e da segunda parcelas do abono ocorrer\u00e3o, respectivamente, a partir dos dias 4 de maio e 1\u00ba de junho.<\/p>\n\n\n\n<p>As parcelas cair\u00e3o nas contas dos segurados, portanto, nas mesmas datas em que eles receber\u00e3o os benef\u00edcios relativos \u00e0s compet\u00eancias de abril e maio.<\/p>\n","protected":false},"excerpt":{"rendered":"<p>O INSS (Instituto Nacional do Seguro Social) confirmou as datas da antecipa\u00e7\u00e3o das duas parcelas do 13\u00ba sal\u00e1rio, que ser\u00e3o depositadas nas compet\u00eancias de abril&hellip; <\/p>\n","protected":false},"author":2,"featured_media":81721,"comment_status":"closed","ping_status":"closed","sticky":false,"template":"","format":"standard","meta":{"sfsi_plus_gutenberg_text_before_share":"","sfsi_plus_gutenberg_show_text_before_share":"","sfsi_plus_gutenberg_icon_type":"","sfsi_plus_gutenberg_icon_alignemt":"","sfsi_plus_gutenburg_max_per_row":"","footnotes":""},"categories":[2],"tags":[],"class_list":["post-159497","post","type-post","status-publish","format-standard","has-post-thumbnail","hentry","category-geral"],"_links":{"self":[{"href":"https:\/\/www.caririemacao.com\/1\/wp-json\/wp\/v2\/posts\/159497","targetHints":{"allow":["GET"]}}],"collection":[{"href":"https:\/\/www.caririemacao.com\/1\/wp-json\/wp\/v2\/posts"}],"about":[{"href":"https:\/\/www.caririemacao.com\/1\/wp-json\/wp\/v2\/types\/post"}],"author":[{"embeddable":true,"href":"https:\/\/www.caririemacao.com\/1\/wp-json\/wp\/v2\/users\/2"}],"replies":[{"embeddable":true,"href":"https:\/\/www.caririemacao.com\/1\/wp-json\/wp\/v2\/comments?post=159497"}],"version-history":[{"count":1,"href":"https:\/\/www.caririemacao.com\/1\/wp-json\/wp\/v2\/posts\/159497\/revisions"}],"predecessor-version":[{"id":159498,"href":"https:\/\/www.caririemacao.com\/1\/wp-json\/wp\/v2\/posts\/159497\/revisions\/159498"}],"wp:featuredmedia":[{"embeddable":true,"href":"https:\/\/www.caririemacao.com\/1\/wp-json\/wp\/v2\/media\/81721"}],"wp:attachment":[{"href":"https:\/\/www.caririemacao.com\/1\/wp-json\/wp\/v2\/media?parent=159497"}],"wp:term":[{"taxonomy":"category","embeddable":true,"href":"https:\/\/www.caririemacao.com\/1\/wp-json\/wp\/v2\/categories?post=159497"},{"taxonomy":"post_tag","embeddable":true,"href":"https:\/\/www.caririemacao.com\/1\/wp-json\/wp\/v2\/tags?post=159497"}],"curies":[{"name":"wp","href":"https:\/\/api.w.org\/{rel}","templated":true}]}}