{"id":159501,"date":"2020-03-22T09:29:57","date_gmt":"2020-03-22T12:29:57","guid":{"rendered":"http:\/\/www.caririemacao.com\/1\/?p=159501"},"modified":"2020-03-22T09:29:59","modified_gmt":"2020-03-22T12:29:59","slug":"onyx-anuncia-inclusao-de-12-milhao-de-pessoas-no-bolsa-familia","status":"publish","type":"post","link":"https:\/\/www.caririemacao.com\/1\/2020\/03\/22\/onyx-anuncia-inclusao-de-12-milhao-de-pessoas-no-bolsa-familia\/","title":{"rendered":"Onyx anuncia inclus\u00e3o de 1,2 milh\u00e3o de pessoas no Bolsa Fam\u00edlia"},"content":{"rendered":"\n<p>O ministro da Cidadania, Onyx Lorenzoni, assinou na tarde desta sexta-feira (20) portaria que estabelece medidas emergenciais para o Bolsa Fam\u00edlia por causa da Covid-19.&nbsp;<\/p>\n\n\n\n<p>Entre as medidas est\u00e1 a suspens\u00e3o, pelo prazo de 120 dias, de bloqueios, suspens\u00e3o e cancelamentos de benef\u00edcios e da averigua\u00e7\u00e3o e revis\u00e3o cadastral.<\/p>\n\n\n\n<p>O ministro afirmou que 1,2 milh\u00e3o de fam\u00edlias foram inscritas no programa e que a fila foi praticamente zerada.&nbsp;<\/p>\n\n\n\n<p>&#8220;O Bolsa Fam\u00edlia \u00e9 muito importante para as fam\u00edlias mais vulner\u00e1veis do pa\u00eds. Com a inser\u00e7\u00e3o de mais 1,2 milh\u00e3o de fam\u00edlias, teremos cerca de 14 milh\u00f5es de fam\u00edlias beneficiadas, o maior n\u00famero da hist\u00f3ria do programa&#8221;, disse Onyx.<\/p>\n","protected":false},"excerpt":{"rendered":"<p>O ministro da Cidadania, Onyx Lorenzoni, assinou na tarde desta sexta-feira (20) portaria que estabelece medidas emergenciais para o Bolsa Fam\u00edlia por causa da Covid-19.&nbsp;&hellip; <\/p>\n","protected":false},"author":2,"featured_media":157053,"comment_status":"closed","ping_status":"closed","sticky":false,"template":"","format":"standard","meta":{"sfsi_plus_gutenberg_text_before_share":"","sfsi_plus_gutenberg_show_text_before_share":"","sfsi_plus_gutenberg_icon_type":"","sfsi_plus_gutenberg_icon_alignemt":"","sfsi_plus_gutenburg_max_per_row":"","footnotes":""},"categories":[11],"tags":[],"class_list":["post-159501","post","type-post","status-publish","format-standard","has-post-thumbnail","hentry","category-politica"],"_links":{"self":[{"href":"https:\/\/www.caririemacao.com\/1\/wp-json\/wp\/v2\/posts\/159501","targetHints":{"allow":["GET"]}}],"collection":[{"href":"https:\/\/www.caririemacao.com\/1\/wp-json\/wp\/v2\/posts"}],"about":[{"href":"https:\/\/www.caririemacao.com\/1\/wp-json\/wp\/v2\/types\/post"}],"author":[{"embeddable":true,"href":"https:\/\/www.caririemacao.com\/1\/wp-json\/wp\/v2\/users\/2"}],"replies":[{"embeddable":true,"href":"https:\/\/www.caririemacao.com\/1\/wp-json\/wp\/v2\/comments?post=159501"}],"version-history":[{"count":1,"href":"https:\/\/www.caririemacao.com\/1\/wp-json\/wp\/v2\/posts\/159501\/revisions"}],"predecessor-version":[{"id":159502,"href":"https:\/\/www.caririemacao.com\/1\/wp-json\/wp\/v2\/posts\/159501\/revisions\/159502"}],"wp:featuredmedia":[{"embeddable":true,"href":"https:\/\/www.caririemacao.com\/1\/wp-json\/wp\/v2\/media\/157053"}],"wp:attachment":[{"href":"https:\/\/www.caririemacao.com\/1\/wp-json\/wp\/v2\/media?parent=159501"}],"wp:term":[{"taxonomy":"category","embeddable":true,"href":"https:\/\/www.caririemacao.com\/1\/wp-json\/wp\/v2\/categories?post=159501"},{"taxonomy":"post_tag","embeddable":true,"href":"https:\/\/www.caririemacao.com\/1\/wp-json\/wp\/v2\/tags?post=159501"}],"curies":[{"name":"wp","href":"https:\/\/api.w.org\/{rel}","templated":true}]}}