{"id":159507,"date":"2020-03-22T12:41:56","date_gmt":"2020-03-22T15:41:56","guid":{"rendered":"http:\/\/www.caririemacao.com\/1\/?p=159507"},"modified":"2020-03-22T12:41:57","modified_gmt":"2020-03-22T15:41:57","slug":"pre-candidato-a-vice-prefeito-promove-reunioes-colocando-populacao-em-risco-em-sao-j-do-tigre","status":"publish","type":"post","link":"https:\/\/www.caririemacao.com\/1\/2020\/03\/22\/pre-candidato-a-vice-prefeito-promove-reunioes-colocando-populacao-em-risco-em-sao-j-do-tigre\/","title":{"rendered":"Pr\u00e9-candidato   \u00e0 vice-prefeito promove reuni\u00f5es, colocando    popula\u00e7\u00e3o em risco em S\u00e3o J. do Tigre"},"content":{"rendered":"\n<p>Um flagrante de irresponsabilidade, ao qual cabe investiga\u00e7\u00e3o de poss\u00edvel cometimento de crime foi registrado no pequeno munic\u00edpio de S\u00e3o Jo\u00e3o do Tigre, Cariri paraibano.<\/p>\n\n\n\n<p><br>O pr\u00e9 candidato a vice prefeito pela oposi\u00e7\u00e3o em S\u00e3o Jo\u00e3o do Tigre Paulo da Carreta,\u00a0\u00a0juntamente com os pr\u00e9 candidatos \u00e0 vereador S\u00e9rgio Freitas e S\u00f4nia de Zeca agiram com extrema irresponsabilidade diante da pandemia do covid19 promovendo bebedeiras e aglomera\u00e7\u00e3o de pessoas neste final de semana.<\/p>\n\n\n\n<p><br>Fotos comprovam que os citados na mat\u00e9ria se reuniram em um bar de propriedade de uma popular conhecida como Gracinha, irm\u00e3 do pr\u00e9 candidato \u00e0 vice prefeito e promoveram uma grande aglomera\u00e7\u00e3o de pessoas em momento regado \u00e0 bebidas alco\u00f3licas na regi\u00e3o do Distrito de Cacimbinha, na sexta-feira dia 20.<\/p>\n\n\n\n<p><br>N\u00e3o bastasse esta a\u00e7\u00e3o, no s\u00e1bado dia 21\/03 Paulo da Carreta novamente praticou as mesmas atitudes levando dezenas de pessoas para o reservat\u00f3rio municipal conhecido como barragem do Rio Comprido para tomar banho acompanhado de bebedeira.<\/p>\n\n\n\n<p><br>A divulga\u00e7\u00e3o das imagens atrav\u00e9s de redes sociais inclusive por um dos pr\u00e9-candidatos presentes, deixaram a popula\u00e7\u00e3o local\u00a0\u00a0revoltada e prometendo denunciar o caso \u00e0s autoridades locais e at\u00e9 levar esses eventos \u00e0 justi\u00e7a.<br>Para agravar ainda mais a an\u00e1lise dos fatos, o pr\u00e9-candidato Paulo da Carreta mora no Cear\u00e1, e retornou ao munic\u00edpio no \u00faltimo dia 19\/03, vindo de um estado que est\u00e1 infestado de casos do Covid19.<\/p>\n\n\n\n<p><br>J\u00e1 o pr\u00e9-candidato \u00e0 vereador S\u00e9rgio Freitas esteve no encontro estadual do Partido Avante realizado semana passada em Jo\u00e3o Pessoa, onde o presidente nacional do partido esteve presente, o mesmo que inclusive testou positivo para o Covid19.<\/p>\n\n\n\n<p><br><strong>POSS\u00cdVEL PR\u00c1TICA DE CRIMES<\/strong><br>Advogados contactados pela nossa reportagem afirmaram categoricamente que,\u00a0\u00a0a pessoa que n\u00e3o respeitar as orienta\u00e7\u00f5es, poder\u00e1 ser enquadrada em crime durante uma epidemia ao colocar a vida dos outros em risco de forma deliberada. Qualquer pessoa que descumpra dolosamente, ou seja, intencionalmente, as determina\u00e7\u00f5es legais, se comprovado, estar\u00e1 sujeita \u00e0s penas da lei e inclusive a pris\u00e3o. Essa pessoa pode responder por les\u00e3o corporal grave ou at\u00e9 mesmo homic\u00eddio. &#8220;Infringir determina\u00e7\u00e3o do poder p\u00fablico, destinada a impedir introdu\u00e7\u00e3o ou propaga\u00e7\u00e3o de doen\u00e7a contagiosa (artigo 268)&#8221;.<\/p>\n\n\n\n<p><br>&#8220;O descumprimento de uma determina\u00e7\u00e3o do poder p\u00fablico destinada a impedir a propaga\u00e7\u00e3o do Covid-19 \u00e9 crime sujeito at\u00e9 a pris\u00e3o. Normalmente, essa pena \u00e9 substitu\u00edda por medidas alternativas&#8221;, afirmou Pedro Ivo Velloso, advogado criminalista.<\/p>\n\n\n\n<p><br>&#8220;Mas, em caso de reitera\u00e7\u00e3o, mesmo um infrator prim\u00e1rio pode perder esse benef\u00edcio e chegar a ser preso preventivamente ou para cumprir a pena&#8221;, disse.<\/p>\n\n\n\n<p>Com F\u00e1bio Brito<\/p>\n","protected":false},"excerpt":{"rendered":"<p>Um flagrante de irresponsabilidade, ao qual cabe investiga\u00e7\u00e3o de poss\u00edvel cometimento de crime foi registrado no pequeno munic\u00edpio de S\u00e3o Jo\u00e3o do Tigre, Cariri paraibano.&hellip; <\/p>\n","protected":false},"author":1,"featured_media":159508,"comment_status":"closed","ping_status":"closed","sticky":false,"template":"","format":"standard","meta":{"sfsi_plus_gutenberg_text_before_share":"","sfsi_plus_gutenberg_show_text_before_share":"","sfsi_plus_gutenberg_icon_type":"","sfsi_plus_gutenberg_icon_alignemt":"","sfsi_plus_gutenburg_max_per_row":"","footnotes":""},"categories":[6,50,16],"tags":[],"class_list":["post-159507","post","type-post","status-publish","format-standard","has-post-thumbnail","hentry","category-cidades","category-destaque","category-saude"],"_links":{"self":[{"href":"https:\/\/www.caririemacao.com\/1\/wp-json\/wp\/v2\/posts\/159507","targetHints":{"allow":["GET"]}}],"collection":[{"href":"https:\/\/www.caririemacao.com\/1\/wp-json\/wp\/v2\/posts"}],"about":[{"href":"https:\/\/www.caririemacao.com\/1\/wp-json\/wp\/v2\/types\/post"}],"author":[{"embeddable":true,"href":"https:\/\/www.caririemacao.com\/1\/wp-json\/wp\/v2\/users\/1"}],"replies":[{"embeddable":true,"href":"https:\/\/www.caririemacao.com\/1\/wp-json\/wp\/v2\/comments?post=159507"}],"version-history":[{"count":1,"href":"https:\/\/www.caririemacao.com\/1\/wp-json\/wp\/v2\/posts\/159507\/revisions"}],"predecessor-version":[{"id":159509,"href":"https:\/\/www.caririemacao.com\/1\/wp-json\/wp\/v2\/posts\/159507\/revisions\/159509"}],"wp:featuredmedia":[{"embeddable":true,"href":"https:\/\/www.caririemacao.com\/1\/wp-json\/wp\/v2\/media\/159508"}],"wp:attachment":[{"href":"https:\/\/www.caririemacao.com\/1\/wp-json\/wp\/v2\/media?parent=159507"}],"wp:term":[{"taxonomy":"category","embeddable":true,"href":"https:\/\/www.caririemacao.com\/1\/wp-json\/wp\/v2\/categories?post=159507"},{"taxonomy":"post_tag","embeddable":true,"href":"https:\/\/www.caririemacao.com\/1\/wp-json\/wp\/v2\/tags?post=159507"}],"curies":[{"name":"wp","href":"https:\/\/api.w.org\/{rel}","templated":true}]}}