{"id":159511,"date":"2020-03-22T17:13:02","date_gmt":"2020-03-22T20:13:02","guid":{"rendered":"http:\/\/www.caririemacao.com\/1\/?p=159511"},"modified":"2020-03-22T17:13:03","modified_gmt":"2020-03-22T20:13:03","slug":"coronavirus-prefeito-de-sume-antecipa-primeira-parcela-do-13o-dos-aposentados-e-pensionistas-do-ipams","status":"publish","type":"post","link":"https:\/\/www.caririemacao.com\/1\/2020\/03\/22\/coronavirus-prefeito-de-sume-antecipa-primeira-parcela-do-13o-dos-aposentados-e-pensionistas-do-ipams\/","title":{"rendered":"Coronav\u00edrus: Prefeito de Sum\u00e9 antecipa primeira parcela do 13\u00ba dos aposentados e pensionistas do IPAMS"},"content":{"rendered":"\n<p>A Prefeitura de Sum\u00e9 decidiu antecipar a primeira parcela do d\u00e9cimo terceiro sal\u00e1rio dos aposentados e pensionistas do Ipams \u2013 Instituto de Previd\u00eancia do Munic\u00edpio de Sum\u00e9. Essa \u00e9 mais uma medida de precau\u00e7\u00e3o que o governo municipal toma visando proteger a popula\u00e7\u00e3o idosa, que est\u00e1 mais sens\u00edvel aos efeitos do coronav\u00edrus.<\/p>\n\n\n\n<p>Ao tomar essa decis\u00e3o, o prefeito \u00c9den tamb\u00e9m levou em considera\u00e7\u00e3o o fato de caso os bancos vierem fechar as suas ag\u00eancias, devido \u00e0s complica\u00e7\u00f5es do Covid-19, os idosos j\u00e1 podem contar com esse dinheiro extra para ajudar em suas necessidades mais urgentes.<\/p>\n\n\n\n<p>A antecipa\u00e7\u00e3o do pagamento da primeira parcela do 13\u00ba sal\u00e1rio inicia na pr\u00f3xima ter\u00e7a-feira (24).<\/p>\n\n\n\n<p>Ascom\/PMS<\/p>\n","protected":false},"excerpt":{"rendered":"<p>A Prefeitura de Sum\u00e9 decidiu antecipar a primeira parcela do d\u00e9cimo terceiro sal\u00e1rio dos aposentados e pensionistas do Ipams \u2013 Instituto de Previd\u00eancia do Munic\u00edpio&hellip; <\/p>\n","protected":false},"author":2,"featured_media":159329,"comment_status":"closed","ping_status":"closed","sticky":false,"template":"","format":"standard","meta":{"sfsi_plus_gutenberg_text_before_share":"","sfsi_plus_gutenberg_show_text_before_share":"","sfsi_plus_gutenberg_icon_type":"","sfsi_plus_gutenberg_icon_alignemt":"","sfsi_plus_gutenburg_max_per_row":"","footnotes":""},"categories":[2],"tags":[],"class_list":["post-159511","post","type-post","status-publish","format-standard","has-post-thumbnail","hentry","category-geral"],"_links":{"self":[{"href":"https:\/\/www.caririemacao.com\/1\/wp-json\/wp\/v2\/posts\/159511","targetHints":{"allow":["GET"]}}],"collection":[{"href":"https:\/\/www.caririemacao.com\/1\/wp-json\/wp\/v2\/posts"}],"about":[{"href":"https:\/\/www.caririemacao.com\/1\/wp-json\/wp\/v2\/types\/post"}],"author":[{"embeddable":true,"href":"https:\/\/www.caririemacao.com\/1\/wp-json\/wp\/v2\/users\/2"}],"replies":[{"embeddable":true,"href":"https:\/\/www.caririemacao.com\/1\/wp-json\/wp\/v2\/comments?post=159511"}],"version-history":[{"count":1,"href":"https:\/\/www.caririemacao.com\/1\/wp-json\/wp\/v2\/posts\/159511\/revisions"}],"predecessor-version":[{"id":159512,"href":"https:\/\/www.caririemacao.com\/1\/wp-json\/wp\/v2\/posts\/159511\/revisions\/159512"}],"wp:featuredmedia":[{"embeddable":true,"href":"https:\/\/www.caririemacao.com\/1\/wp-json\/wp\/v2\/media\/159329"}],"wp:attachment":[{"href":"https:\/\/www.caririemacao.com\/1\/wp-json\/wp\/v2\/media?parent=159511"}],"wp:term":[{"taxonomy":"category","embeddable":true,"href":"https:\/\/www.caririemacao.com\/1\/wp-json\/wp\/v2\/categories?post=159511"},{"taxonomy":"post_tag","embeddable":true,"href":"https:\/\/www.caririemacao.com\/1\/wp-json\/wp\/v2\/tags?post=159511"}],"curies":[{"name":"wp","href":"https:\/\/api.w.org\/{rel}","templated":true}]}}