{"id":159514,"date":"2020-03-22T17:14:49","date_gmt":"2020-03-22T20:14:49","guid":{"rendered":"http:\/\/www.caririemacao.com\/1\/?p=159514"},"modified":"2020-03-22T17:14:50","modified_gmt":"2020-03-22T20:14:50","slug":"prefeita-de-monteiro-usa-redes-sociais-como-ferramenta-chave-para-colaborar-na-prevencao-ao-coronavirus","status":"publish","type":"post","link":"https:\/\/www.caririemacao.com\/1\/2020\/03\/22\/prefeita-de-monteiro-usa-redes-sociais-como-ferramenta-chave-para-colaborar-na-prevencao-ao-coronavirus\/","title":{"rendered":"Prefeita de Monteiro usa redes sociais como ferramenta chave para colaborar na preven\u00e7\u00e3o ao coronav\u00edrus"},"content":{"rendered":"\n<p>A Prefeita de Monteiro tem explorado bastante uma excelente ferramenta para colaborar com as a\u00e7\u00f5es de conten\u00e7\u00e3o do v\u00edrus do COVID-19.<\/p>\n\n\n\n<p>As redes sociais tem sido canal constante utilizado pela gestora, como forma de ampliar o alcance das informa\u00e7\u00f5es e atingir todos os p\u00fablicos alvos do munic\u00edpio.<\/p>\n\n\n\n<p>Tem sido constante as apari\u00e7\u00f5es da gestora em transmiss\u00f5es nas redes como facebook, e instagram, al\u00e9m da apropaga\u00e7\u00e3o de \u00e1udios, v\u00eddeos e materiais informativos em grupos de whatsap.<\/p>\n\n\n\n<p>Na manh\u00e3 deste s\u00e1bado, 21, a prefeita Anna Lorena realizou uma LIVE em conjunto com o Presidente da C\u00e2mara Municipal de Monteiro Caj\u00f3 Menezes, para levar os detalhes do \u00faltimo decreto que entra em vigor na pr\u00f3xima segunda-feira, dia 23, com as novas determina\u00e7\u00f5es da administra\u00e7\u00e3o municipal.<\/p>\n\n\n\n<p>Desta forma, a prefeita Anna Lorena, atinge o maior numero poss\u00edvel de diferentes p\u00fablicos, refor\u00e7ando as informa\u00e7\u00f5es atrav\u00e9s do r\u00e1dio, midia eletronica, redes sociais, material impresso e tamb\u00e9m carro de som.<\/p>\n","protected":false},"excerpt":{"rendered":"<p>A Prefeita de Monteiro tem explorado bastante uma excelente ferramenta para colaborar com as a\u00e7\u00f5es de conten\u00e7\u00e3o do v\u00edrus do COVID-19. As redes sociais tem&hellip; <\/p>\n","protected":false},"author":2,"featured_media":100539,"comment_status":"closed","ping_status":"closed","sticky":false,"template":"","format":"standard","meta":{"sfsi_plus_gutenberg_text_before_share":"","sfsi_plus_gutenberg_show_text_before_share":"","sfsi_plus_gutenberg_icon_type":"","sfsi_plus_gutenberg_icon_alignemt":"","sfsi_plus_gutenburg_max_per_row":"","footnotes":""},"categories":[6],"tags":[],"class_list":["post-159514","post","type-post","status-publish","format-standard","has-post-thumbnail","hentry","category-cidades"],"_links":{"self":[{"href":"https:\/\/www.caririemacao.com\/1\/wp-json\/wp\/v2\/posts\/159514","targetHints":{"allow":["GET"]}}],"collection":[{"href":"https:\/\/www.caririemacao.com\/1\/wp-json\/wp\/v2\/posts"}],"about":[{"href":"https:\/\/www.caririemacao.com\/1\/wp-json\/wp\/v2\/types\/post"}],"author":[{"embeddable":true,"href":"https:\/\/www.caririemacao.com\/1\/wp-json\/wp\/v2\/users\/2"}],"replies":[{"embeddable":true,"href":"https:\/\/www.caririemacao.com\/1\/wp-json\/wp\/v2\/comments?post=159514"}],"version-history":[{"count":1,"href":"https:\/\/www.caririemacao.com\/1\/wp-json\/wp\/v2\/posts\/159514\/revisions"}],"predecessor-version":[{"id":159515,"href":"https:\/\/www.caririemacao.com\/1\/wp-json\/wp\/v2\/posts\/159514\/revisions\/159515"}],"wp:featuredmedia":[{"embeddable":true,"href":"https:\/\/www.caririemacao.com\/1\/wp-json\/wp\/v2\/media\/100539"}],"wp:attachment":[{"href":"https:\/\/www.caririemacao.com\/1\/wp-json\/wp\/v2\/media?parent=159514"}],"wp:term":[{"taxonomy":"category","embeddable":true,"href":"https:\/\/www.caririemacao.com\/1\/wp-json\/wp\/v2\/categories?post=159514"},{"taxonomy":"post_tag","embeddable":true,"href":"https:\/\/www.caririemacao.com\/1\/wp-json\/wp\/v2\/tags?post=159514"}],"curies":[{"name":"wp","href":"https:\/\/api.w.org\/{rel}","templated":true}]}}