{"id":159517,"date":"2020-03-22T17:16:54","date_gmt":"2020-03-22T20:16:54","guid":{"rendered":"http:\/\/www.caririemacao.com\/1\/?p=159517"},"modified":"2020-03-22T17:16:55","modified_gmt":"2020-03-22T20:16:55","slug":"morre-o-inesquecivel-poeta-repentista-cabo-edesio","status":"publish","type":"post","link":"https:\/\/www.caririemacao.com\/1\/2020\/03\/22\/morre-o-inesquecivel-poeta-repentista-cabo-edesio\/","title":{"rendered":"Morre o inesquec\u00edvel poeta repentista Cabo Ed\u00e9sio"},"content":{"rendered":"\n<p>A cidade de Monteiro e o Cariri se entristecem um pouco mais neste final de semana, pela partida de mais um \u00edcone de sua cultura.<\/p>\n\n\n\n<p><br>Foi confirmado o falecimento do poeta repentista conhecido como Cabo Ed\u00e9sio.<\/p>\n\n\n\n<p><br>Cabo Ed\u00e9sio foi um dos mais solicitados nomes do repente de toda a regi\u00e3o, al\u00e9m de outros estados, e fez muito sucesso nos tempos \u00e1ureos e saudosos da r\u00e1dio Santa Maria, onde sob dire\u00e7\u00e3o do tamb\u00e9m saudoso gerente Simorion Mattos, apresentou programas inesquec\u00edveis.<br>Nas redes sociais, centenas de amigos e admiradores j\u00e1 se manifestaram sobre esta perda que nos entristece.<\/p>\n\n\n\n<p><br>Ficam aqui os mais sinceros votos de pesar, de todos que fazem o BLOG DO F\u00c1BIO BRITO.<\/p>\n\n\n\n<p><br><strong>F\u00e1bio Brito<\/strong><br><\/p>\n","protected":false},"excerpt":{"rendered":"<p>A cidade de Monteiro e o Cariri se entristecem um pouco mais neste final de semana, pela partida de mais um \u00edcone de sua cultura.&hellip; <\/p>\n","protected":false},"author":2,"featured_media":159519,"comment_status":"closed","ping_status":"closed","sticky":false,"template":"","format":"standard","meta":{"sfsi_plus_gutenberg_text_before_share":"","sfsi_plus_gutenberg_show_text_before_share":"","sfsi_plus_gutenberg_icon_type":"","sfsi_plus_gutenberg_icon_alignemt":"","sfsi_plus_gutenburg_max_per_row":"","footnotes":""},"categories":[6],"tags":[],"class_list":["post-159517","post","type-post","status-publish","format-standard","has-post-thumbnail","hentry","category-cidades"],"_links":{"self":[{"href":"https:\/\/www.caririemacao.com\/1\/wp-json\/wp\/v2\/posts\/159517","targetHints":{"allow":["GET"]}}],"collection":[{"href":"https:\/\/www.caririemacao.com\/1\/wp-json\/wp\/v2\/posts"}],"about":[{"href":"https:\/\/www.caririemacao.com\/1\/wp-json\/wp\/v2\/types\/post"}],"author":[{"embeddable":true,"href":"https:\/\/www.caririemacao.com\/1\/wp-json\/wp\/v2\/users\/2"}],"replies":[{"embeddable":true,"href":"https:\/\/www.caririemacao.com\/1\/wp-json\/wp\/v2\/comments?post=159517"}],"version-history":[{"count":1,"href":"https:\/\/www.caririemacao.com\/1\/wp-json\/wp\/v2\/posts\/159517\/revisions"}],"predecessor-version":[{"id":159520,"href":"https:\/\/www.caririemacao.com\/1\/wp-json\/wp\/v2\/posts\/159517\/revisions\/159520"}],"wp:featuredmedia":[{"embeddable":true,"href":"https:\/\/www.caririemacao.com\/1\/wp-json\/wp\/v2\/media\/159519"}],"wp:attachment":[{"href":"https:\/\/www.caririemacao.com\/1\/wp-json\/wp\/v2\/media?parent=159517"}],"wp:term":[{"taxonomy":"category","embeddable":true,"href":"https:\/\/www.caririemacao.com\/1\/wp-json\/wp\/v2\/categories?post=159517"},{"taxonomy":"post_tag","embeddable":true,"href":"https:\/\/www.caririemacao.com\/1\/wp-json\/wp\/v2\/tags?post=159517"}],"curies":[{"name":"wp","href":"https:\/\/api.w.org\/{rel}","templated":true}]}}