{"id":159528,"date":"2020-03-22T17:25:34","date_gmt":"2020-03-22T20:25:34","guid":{"rendered":"http:\/\/www.caririemacao.com\/1\/?p=159528"},"modified":"2020-03-22T17:31:57","modified_gmt":"2020-03-22T20:31:57","slug":"monteiro-acude-transborda-apos-16-anos-e-causa-alegria-entre-moradores","status":"publish","type":"post","link":"https:\/\/www.caririemacao.com\/1\/2020\/03\/22\/monteiro-acude-transborda-apos-16-anos-e-causa-alegria-entre-moradores\/","title":{"rendered":"Monteiro: a\u00e7ude transborda ap\u00f3s 16 anos e causa alegria entre moradores"},"content":{"rendered":"\n<p>Ap\u00f3s 16 anos sem registrar cheia em seu manancial, o a\u00e7ude Pocinhos localizado no munic\u00edpio de Monteiro, no Cariri Paraibano, come\u00e7ou a transbordar no final da manh\u00e3 deste domingo, dia 22 de mar\u00e7o.<\/p>\n\n\n\n<p>O a\u00e7ude \u00e9 o segundo maior do munic\u00edpio de Monteiro. Pocinhos tem capacidade para armazenar 6.789.305 m\u00b3 de \u00e1gua e fica localizado na regi\u00e3o do alto curso do Rio Para\u00edba.<\/p>\n\n\n\n<div class=\"wp-block-image\"><figure class=\"aligncenter\"><img decoding=\"async\" data-src=\"http:\/\/deolhonocariri.com.br\/wp-content\/uploads\/2020\/03\/90551596_221774862521243_2108972535977607168_n.jpg\" alt=\"\" class=\"wp-image-79552 lazyload\" src=\"data:image\/svg+xml;base64,PHN2ZyB3aWR0aD0iMSIgaGVpZ2h0PSIxIiB4bWxucz0iaHR0cDovL3d3dy53My5vcmcvMjAwMC9zdmciPjwvc3ZnPg==\" \/><\/figure><\/div>\n\n\n\n<p>As \u00e1guas do a\u00e7ude Pocinhos j\u00e1 come\u00e7am a desembocar no Rio Para\u00edba, onde seguir\u00e3o seu percurso at\u00e9 o a\u00e7ude Epit\u00e1cio Pessoa, em Boqueir\u00e3o.<\/p>\n\n\n\n<p><strong>De Olho no Cariri<\/strong><\/p>\n\n\n\n<p><em>Fotos: Vereador Sim\u00e3o<\/em><\/p>\n","protected":false},"excerpt":{"rendered":"<p>Ap\u00f3s 16 anos sem registrar cheia em seu manancial, o a\u00e7ude Pocinhos localizado no munic\u00edpio de Monteiro, no Cariri Paraibano, come\u00e7ou a transbordar no final&hellip; <\/p>\n","protected":false},"author":1,"featured_media":159529,"comment_status":"closed","ping_status":"closed","sticky":false,"template":"","format":"standard","meta":{"sfsi_plus_gutenberg_text_before_share":"","sfsi_plus_gutenberg_show_text_before_share":"","sfsi_plus_gutenberg_icon_type":"","sfsi_plus_gutenberg_icon_alignemt":"","sfsi_plus_gutenburg_max_per_row":"","footnotes":""},"categories":[6,50],"tags":[],"class_list":["post-159528","post","type-post","status-publish","format-standard","has-post-thumbnail","hentry","category-cidades","category-destaque"],"_links":{"self":[{"href":"https:\/\/www.caririemacao.com\/1\/wp-json\/wp\/v2\/posts\/159528","targetHints":{"allow":["GET"]}}],"collection":[{"href":"https:\/\/www.caririemacao.com\/1\/wp-json\/wp\/v2\/posts"}],"about":[{"href":"https:\/\/www.caririemacao.com\/1\/wp-json\/wp\/v2\/types\/post"}],"author":[{"embeddable":true,"href":"https:\/\/www.caririemacao.com\/1\/wp-json\/wp\/v2\/users\/1"}],"replies":[{"embeddable":true,"href":"https:\/\/www.caririemacao.com\/1\/wp-json\/wp\/v2\/comments?post=159528"}],"version-history":[{"count":1,"href":"https:\/\/www.caririemacao.com\/1\/wp-json\/wp\/v2\/posts\/159528\/revisions"}],"predecessor-version":[{"id":159530,"href":"https:\/\/www.caririemacao.com\/1\/wp-json\/wp\/v2\/posts\/159528\/revisions\/159530"}],"wp:featuredmedia":[{"embeddable":true,"href":"https:\/\/www.caririemacao.com\/1\/wp-json\/wp\/v2\/media\/159529"}],"wp:attachment":[{"href":"https:\/\/www.caririemacao.com\/1\/wp-json\/wp\/v2\/media?parent=159528"}],"wp:term":[{"taxonomy":"category","embeddable":true,"href":"https:\/\/www.caririemacao.com\/1\/wp-json\/wp\/v2\/categories?post=159528"},{"taxonomy":"post_tag","embeddable":true,"href":"https:\/\/www.caririemacao.com\/1\/wp-json\/wp\/v2\/tags?post=159528"}],"curies":[{"name":"wp","href":"https:\/\/api.w.org\/{rel}","templated":true}]}}