{"id":159537,"date":"2020-03-22T17:45:33","date_gmt":"2020-03-22T20:45:33","guid":{"rendered":"http:\/\/www.caririemacao.com\/1\/?p=159537"},"modified":"2020-03-22T17:45:35","modified_gmt":"2020-03-22T20:45:35","slug":"pai-do-prefeito-de-zabele-morre-no-hospital-em-monteiro","status":"publish","type":"post","link":"https:\/\/www.caririemacao.com\/1\/2020\/03\/22\/pai-do-prefeito-de-zabele-morre-no-hospital-em-monteiro\/","title":{"rendered":"Pai do prefeito de Zabel\u00ea morre no Hospital em Monteiro"},"content":{"rendered":"\n<p>Pai do prefeito de Zabel\u00ea morre no Hospital em Monteiro<\/p>\n\n\n\n<p>Depois de ter sofrido com a morte do secret\u00e1rio de finan\u00e7as, Jos\u00e9 Inaldo, o prefeito de Zabel\u00ea, Dalyson Neves, recebeu na tarde deste domingo dia 22, a triste not\u00edcia do falecimento do seu pai, o senhor Hilton Neves de 67 anos.<\/p>\n\n\n\n<p>Ele faleceu na tarde deste domingo (22) no Hospital Regional de Monteiro no Cariri.<\/p>\n\n\n\n<p>O senhor Hilton estava internado e apresentava um quadro grave de insufici\u00eancia renal, e tamb\u00e9m apresentava outros problemas de sa\u00fade.<\/p>\n\n\n\n<p>&#8220;Ele estava com problema na ves\u00edcula e morava em um s\u00edtio. Ele n\u00e3o teve contato com ningu\u00e9m&#8221;, comentou o seu filho Laerte Lins na rede social, descartando inclusive, o caso de suspeito de Coronavirus.<\/p>\n\n\n\n<p>Neste momento de dor, o Cariri de A\u00e7\u00e3o se solidariza com toda fam\u00edlia do senhor Hilton Neves.<\/p>\n","protected":false},"excerpt":{"rendered":"<p>Pai do prefeito de Zabel\u00ea morre no Hospital em Monteiro Depois de ter sofrido com a morte do secret\u00e1rio de finan\u00e7as, Jos\u00e9 Inaldo, o prefeito&hellip; <\/p>\n","protected":false},"author":1,"featured_media":159538,"comment_status":"closed","ping_status":"closed","sticky":false,"template":"","format":"standard","meta":{"sfsi_plus_gutenberg_text_before_share":"","sfsi_plus_gutenberg_show_text_before_share":"","sfsi_plus_gutenberg_icon_type":"","sfsi_plus_gutenberg_icon_alignemt":"","sfsi_plus_gutenburg_max_per_row":"","footnotes":""},"categories":[6,50],"tags":[],"class_list":["post-159537","post","type-post","status-publish","format-standard","has-post-thumbnail","hentry","category-cidades","category-destaque"],"_links":{"self":[{"href":"https:\/\/www.caririemacao.com\/1\/wp-json\/wp\/v2\/posts\/159537","targetHints":{"allow":["GET"]}}],"collection":[{"href":"https:\/\/www.caririemacao.com\/1\/wp-json\/wp\/v2\/posts"}],"about":[{"href":"https:\/\/www.caririemacao.com\/1\/wp-json\/wp\/v2\/types\/post"}],"author":[{"embeddable":true,"href":"https:\/\/www.caririemacao.com\/1\/wp-json\/wp\/v2\/users\/1"}],"replies":[{"embeddable":true,"href":"https:\/\/www.caririemacao.com\/1\/wp-json\/wp\/v2\/comments?post=159537"}],"version-history":[{"count":1,"href":"https:\/\/www.caririemacao.com\/1\/wp-json\/wp\/v2\/posts\/159537\/revisions"}],"predecessor-version":[{"id":159539,"href":"https:\/\/www.caririemacao.com\/1\/wp-json\/wp\/v2\/posts\/159537\/revisions\/159539"}],"wp:featuredmedia":[{"embeddable":true,"href":"https:\/\/www.caririemacao.com\/1\/wp-json\/wp\/v2\/media\/159538"}],"wp:attachment":[{"href":"https:\/\/www.caririemacao.com\/1\/wp-json\/wp\/v2\/media?parent=159537"}],"wp:term":[{"taxonomy":"category","embeddable":true,"href":"https:\/\/www.caririemacao.com\/1\/wp-json\/wp\/v2\/categories?post=159537"},{"taxonomy":"post_tag","embeddable":true,"href":"https:\/\/www.caririemacao.com\/1\/wp-json\/wp\/v2\/tags?post=159537"}],"curies":[{"name":"wp","href":"https:\/\/api.w.org\/{rel}","templated":true}]}}