{"id":159550,"date":"2020-03-23T06:36:26","date_gmt":"2020-03-23T09:36:26","guid":{"rendered":"http:\/\/www.caririemacao.com\/1\/?p=159550"},"modified":"2020-03-23T06:36:28","modified_gmt":"2020-03-23T09:36:28","slug":"pesquisa-coronavirus-identificacao-de-anticorpos-pode-ser-crucial","status":"publish","type":"post","link":"https:\/\/www.caririemacao.com\/1\/2020\/03\/23\/pesquisa-coronavirus-identificacao-de-anticorpos-pode-ser-crucial\/","title":{"rendered":"Pesquisa coronav\u00edrus: identifica\u00e7\u00e3o de anticorpos pode ser crucial"},"content":{"rendered":"\n<p>Pesquisadores americanos e europeus conseguiram usar um m\u00e9todo bem conhecido para identificar com precis\u00e3o a presen\u00e7a de anticorpos contra o novo coronav\u00edrus no sangue humano.<\/p>\n\n\n\n<p>Os resultados, que ainda s\u00e3o preliminares, indicam um caminho promissor para mapear as pessoas que j\u00e1 foram infectadas pelo v\u00edrus e desenvolveram imunidade contra ele, informa\u00e7\u00e3o que pode ser crucial no combate \u00e0 doen\u00e7a a m\u00e9dio e longo prazo.<\/p>\n\n\n\n<p>O grupo capitaneado por Florian Krammer, da Escola de Medicina Icahn, no Hospital Mount Sinai (Nova York), divulgou os dados no site Medrxiv (www.medrxive.org), que \u00e9 dedicado ao armazenamento dos chamados \u201cpr\u00e9-prints\u201d, ou seja, vers\u00f5es iniciais de estudos que ainda n\u00e3o passaram pelo crivo de outros pesquisadores antes de serem aceitos para publica\u00e7\u00e3o numa revista cient\u00edfica. Portanto, \u00e9 poss\u00edvel que as conclus\u00f5es sejam alteradas conforme a pesquisa passa pela chamada revis\u00e3o por pares.<\/p>\n\n\n\n<p>Quando o organismo humano enfrenta a invas\u00e3o de parasitas como v\u00edrus ou bact\u00e9rias, ele costuma produzir anticorpos, mol\u00e9culas cuja estrutura bioqu\u00edmica \u00e9 \u201cprojetada\u201d para neutralizar mol\u00e9culas produzidas pelo invasor.<\/p>\n\n\n\n<p>Esse processo certamente est\u00e1 acontecendo no mundo todo neste momento, conforme a infec\u00e7\u00e3o pelo v\u00edrus da nova doen\u00e7a, o Sars-CoV-2, segue seu curso e se encerra ap\u00f3s algumas semanas.<\/p>\n\n\n\n<p>Krammer e seus colegas usaram amostras coletadas antes do in\u00edcio da pandemia e outras obtidas de tr\u00eas pacientes que tiveram a Covid-19 para ver se conseguiam \u201cpescar\u201d anticorpos espec\u00edficos contra o novo v\u00edrus.<\/p>\n\n\n\n<p>Tais anticorpos s\u00e3o os respons\u00e1veis por neutralizar a chamada prote\u00edna da esp\u00edcula do Sars-CoV-2 (tamb\u00e9m conhecida como prote\u00edna S). Trata-se de uma esp\u00e9cie de gancho molecular que o v\u00edrus usa para se conectar a um local espec\u00edfico das c\u00e9lulas humanas.<\/p>\n\n\n\n<p>Para isso, eles empregaram um exame do tipo Elisa, muito usado no ramo. No caso, c\u00f3pias da prote\u00edna S fabricadas em laborat\u00f3rio (e ligeiramente modificadas para aumentar a efici\u00eancia do ensaio) s\u00e3o colocadas numa placa especial.<\/p>\n\n\n\n<p>As amostras obtidas dos pacientes reagem com a prote\u00edna S e, caso elas contenham os anticorpos, eles ficar\u00e3o grudados na prote\u00edna S, confirmando ent\u00e3o a presen\u00e7a da rea\u00e7\u00e3o imunol\u00f3gica (de defesa) diante do v\u00edrus.<\/p>\n\n\n\n<p>O teste conseguiu distinguir com facilidade as amostras obtidas antes da chegada da pandemia das pessoas que tiveram a Covid-19. Mais importante ainda, tamb\u00e9m n\u00e3o houve ambiguidade no caso de pessoas que j\u00e1 tinham sido infectadas por outros tipos de coronav\u00edrus que circulam h\u00e1 muito tempo na popula\u00e7\u00e3o humana, causando resfriados.<\/p>\n\n\n\n<p>Exames errados por causa da chamada reatividade cruzada -ou seja, anticorpos produzidos para combater um tipo de coronav\u00edrus reagindo com prote\u00ednas de outra variante- est\u00e3o entre os obst\u00e1culos que essa tecnologia precisa vencer antes de ser usada de forma ampla.<\/p>\n\n\n\n<p>Testes desse tipo n\u00e3o servem para acompanhar o avan\u00e7o da pandemia em tempo real -embora os anticorpos tenham sido detectados a partir de quatro dias depois do in\u00edcio dos sintomas, isso n\u00e3o \u00e9 suficiente para rastrear contatos e isolar pacientes com efic\u00e1cia.<\/p>\n\n\n\n<p>Segundo Krammer, a import\u00e2ncia do teste de anticorpos \u00e9, em primeiro lugar, saber quem j\u00e1 est\u00e1 imune ao v\u00edrus na popula\u00e7\u00e3o, em especial entre os profissionais de sa\u00fade. Os que j\u00e1 t\u00eam imunidade poder\u00e3o trabalhar mais tranquilos e, principalmente, n\u00e3o transmitir\u00e3o o v\u00edrus para novos pacientes.<\/p>\n\n\n\n<p>Os anticorpos obtidos a partir das pessoas que se curaram tamb\u00e9m podem ter uso terap\u00eautico no futuro, al\u00e9m de ajudarem a entender os efeitos precisos do coronav\u00edrus sobre o sistema de defesa do organismo.<\/p>\n\n\n\n<p>\u201cOutra mensagem importante do trabalho \u00e9 que parece que todos temos sistemas de defesa \u2018ing\u00eanuos\u2019 diante do Sars-CoV-2, ou seja, n\u00e3o temos imunidade nenhuma contra ele.\u201d Conforme a pandemia avan\u00e7ar, ser\u00e1 importante entender como essa imunidade vai se espalhar pela popula\u00e7\u00e3o.<\/p>\n\n\n\n<p>Isso, \u00e9 claro, se a imunidade ao v\u00edrus de fato for permanente. Considerando o exemplo dos v\u00edrus influenza, causadores da gripe, n\u00e3o \u00e9 imposs\u00edvel que a evolu\u00e7\u00e3o do v\u00edrus, numa escala de alguns anos, produza novas variantes que n\u00e3o seriam mais combatidas com a mesma efic\u00e1cia pelo sistema imunol\u00f3gico, levando a reinfec\u00e7\u00f5es. \u00c9 por isso que as pessoas tomam a vacina da gripe todos os anos.<\/p>\n\n\n\n<p>Uma possibilidade mais preocupante s\u00e3o relatos de casos, por enquanto esparsos, nos quais a Covid-19 parece ter voltado depois de uma aparente cura, ap\u00f3s semanas ou poucos meses.<\/p>\n\n\n\n<p>A hip\u00f3tese predominante hoje, por\u00e9m, \u00e9 que isso n\u00e3o seria uma reinfec\u00e7\u00e3o de curto prazo, mas uma falsa cura: o v\u00edrus teria se protegido em reservat\u00f3rios do organismo e voltado a agir com mais for\u00e7a depois de algum tempo. S\u00f3 mais dados permitir\u00e3o que os cientistas verifiquem o que est\u00e1 acontecendo de fato.<\/p>\n","protected":false},"excerpt":{"rendered":"<p>Pesquisadores americanos e europeus conseguiram usar um m\u00e9todo bem conhecido para identificar com precis\u00e3o a presen\u00e7a de anticorpos contra o novo coronav\u00edrus no sangue humano.&hellip; <\/p>\n","protected":false},"author":2,"featured_media":159063,"comment_status":"closed","ping_status":"closed","sticky":false,"template":"","format":"standard","meta":{"sfsi_plus_gutenberg_text_before_share":"","sfsi_plus_gutenberg_show_text_before_share":"","sfsi_plus_gutenberg_icon_type":"","sfsi_plus_gutenberg_icon_alignemt":"","sfsi_plus_gutenburg_max_per_row":"","footnotes":""},"categories":[16],"tags":[],"class_list":["post-159550","post","type-post","status-publish","format-standard","has-post-thumbnail","hentry","category-saude"],"_links":{"self":[{"href":"https:\/\/www.caririemacao.com\/1\/wp-json\/wp\/v2\/posts\/159550","targetHints":{"allow":["GET"]}}],"collection":[{"href":"https:\/\/www.caririemacao.com\/1\/wp-json\/wp\/v2\/posts"}],"about":[{"href":"https:\/\/www.caririemacao.com\/1\/wp-json\/wp\/v2\/types\/post"}],"author":[{"embeddable":true,"href":"https:\/\/www.caririemacao.com\/1\/wp-json\/wp\/v2\/users\/2"}],"replies":[{"embeddable":true,"href":"https:\/\/www.caririemacao.com\/1\/wp-json\/wp\/v2\/comments?post=159550"}],"version-history":[{"count":1,"href":"https:\/\/www.caririemacao.com\/1\/wp-json\/wp\/v2\/posts\/159550\/revisions"}],"predecessor-version":[{"id":159551,"href":"https:\/\/www.caririemacao.com\/1\/wp-json\/wp\/v2\/posts\/159550\/revisions\/159551"}],"wp:featuredmedia":[{"embeddable":true,"href":"https:\/\/www.caririemacao.com\/1\/wp-json\/wp\/v2\/media\/159063"}],"wp:attachment":[{"href":"https:\/\/www.caririemacao.com\/1\/wp-json\/wp\/v2\/media?parent=159550"}],"wp:term":[{"taxonomy":"category","embeddable":true,"href":"https:\/\/www.caririemacao.com\/1\/wp-json\/wp\/v2\/categories?post=159550"},{"taxonomy":"post_tag","embeddable":true,"href":"https:\/\/www.caririemacao.com\/1\/wp-json\/wp\/v2\/tags?post=159550"}],"curies":[{"name":"wp","href":"https:\/\/api.w.org\/{rel}","templated":true}]}}