{"id":159555,"date":"2020-03-23T06:37:46","date_gmt":"2020-03-23T09:37:46","guid":{"rendered":"http:\/\/www.caririemacao.com\/1\/?p=159555"},"modified":"2020-03-23T06:37:47","modified_gmt":"2020-03-23T09:37:47","slug":"bolsonaro-povo-sabera-que-foi-enganado-por-governadores-e-imprensa","status":"publish","type":"post","link":"https:\/\/www.caririemacao.com\/1\/2020\/03\/23\/bolsonaro-povo-sabera-que-foi-enganado-por-governadores-e-imprensa\/","title":{"rendered":"Bolsonaro: \u2018Povo saber\u00e1 que foi enganado por governadores e imprensa\u2019"},"content":{"rendered":"\n<p>O presidente Jair Bolsonaro (sem partido) manteve neste domingo (22) um discurso de minimizar as medidas de restri\u00e7\u00f5es de circula\u00e7\u00e3o e consequente atividade econ\u00f4mica tomada por governadores.<\/p>\n\n\n\n<p>Segundo Bolsonaro, o povo saber\u00e1 que foi enganado pelos governadores e pela m\u00eddia na crise do coronav\u00edrus.<\/p>\n\n\n\n<p>\u201cBrevemente o povo saber\u00e1 que foi enganado por esses governadores e por grande parte da m\u00eddia nessa quest\u00e3o do coronav\u00edrus \u201c, disse Bolsonaro em entrevista \u00e0 TV Record, veiculada na noite deste domingo.<\/p>\n\n\n\n<p>\u201cEspero que n\u00e3o venham me culpar l\u00e1 na frente pela quantidade de milh\u00f5es e milh\u00f5es de desempregados na minha pessoa\u201d.<\/p>\n\n\n\n<p>Bolsonaro disse que a popula\u00e7\u00e3o n\u00e3o pode entrar em p\u00e2nico e que doen\u00e7as como essa costumam ocorrer.<\/p>\n\n\n\n<p>\u201cMais importante que a economia \u00e9 a a vida. Mas n\u00f3s n\u00e3o podemos extrapolar na dose, com o desemprego a\u00ed, a cat\u00e1strofe ser\u00e1 maior.\u201d<\/p>\n\n\n\n<p>Neste s\u00e1bado (21), Bolsonaro acusou governadores, a quem chamou de irrespons\u00e1veis, de quererem aumentar a taxa de desemprego no pa\u00eds ao restringirem a atividade econ\u00f4mica com medidas de precau\u00e7\u00e3o contra a pandemia do coronav\u00edrus.<\/p>\n\n\n\n<p>\u201cNo momento, a minha grande preocupa\u00e7\u00e3o \u00e9 com a vida das pessoas, bem como com o desemprego que \u00e9 proporcionado por esses governadores irrespons\u00e1veis\u201d, afirmou ele, em entrevista \u00e0 CNN Brasil.<\/p>\n\n\n\n<p>A cr\u00edtica \u00e9 uma refer\u00eancia \u00e0s gest\u00f5es dos governadores Jo\u00e3o Doria (PSDB-SP) e Wilson Witzel (PSC-RJ), que decretaram o fechamento de servi\u00e7os n\u00e3o essenciais.<\/p>\n\n\n\n<p>Questionado sobre o estado de quarentena anunciado por Doria em S\u00e3o Paulo, Bolsonaro chamou o governador tucano de \u201clun\u00e1tico\u201d.<\/p>\n\n\n\n<p>Em uma rede social, Doria respondeu: \u201c@jairbolsonaro chama coronav\u00edrus de gripezinha e eu que sou lun\u00e1tico? Lidere seu Pa\u00eds, presidente. Fa\u00e7a seu papel. Os governadores do Brasil est\u00e3o fazendo o seu\u201d.<\/p>\n\n\n\n<p>Bolsonaro tem minimizado os impactos da doen\u00e7a no Brasil desde fevereiro, quando o primeiro caso foi registrado no pa\u00eds.<\/p>\n\n\n\n<p>Apesar de o v\u00edrus ter infectado 24 pessoas que estiveram com o presidente nos Estados Unidos, no in\u00edcio de mar\u00e7o, Bolsonaro se nega a divulgar os resultados de seus testes que, segundo ele, deram negativo.<\/p>\n","protected":false},"excerpt":{"rendered":"<p>O presidente Jair Bolsonaro (sem partido) manteve neste domingo (22) um discurso de minimizar as medidas de restri\u00e7\u00f5es de circula\u00e7\u00e3o e consequente atividade econ\u00f4mica tomada&hellip; <\/p>\n","protected":false},"author":2,"featured_media":157192,"comment_status":"closed","ping_status":"closed","sticky":false,"template":"","format":"standard","meta":{"sfsi_plus_gutenberg_text_before_share":"","sfsi_plus_gutenberg_show_text_before_share":"","sfsi_plus_gutenberg_icon_type":"","sfsi_plus_gutenberg_icon_alignemt":"","sfsi_plus_gutenburg_max_per_row":"","footnotes":""},"categories":[11],"tags":[],"class_list":["post-159555","post","type-post","status-publish","format-standard","has-post-thumbnail","hentry","category-politica"],"_links":{"self":[{"href":"https:\/\/www.caririemacao.com\/1\/wp-json\/wp\/v2\/posts\/159555","targetHints":{"allow":["GET"]}}],"collection":[{"href":"https:\/\/www.caririemacao.com\/1\/wp-json\/wp\/v2\/posts"}],"about":[{"href":"https:\/\/www.caririemacao.com\/1\/wp-json\/wp\/v2\/types\/post"}],"author":[{"embeddable":true,"href":"https:\/\/www.caririemacao.com\/1\/wp-json\/wp\/v2\/users\/2"}],"replies":[{"embeddable":true,"href":"https:\/\/www.caririemacao.com\/1\/wp-json\/wp\/v2\/comments?post=159555"}],"version-history":[{"count":1,"href":"https:\/\/www.caririemacao.com\/1\/wp-json\/wp\/v2\/posts\/159555\/revisions"}],"predecessor-version":[{"id":159556,"href":"https:\/\/www.caririemacao.com\/1\/wp-json\/wp\/v2\/posts\/159555\/revisions\/159556"}],"wp:featuredmedia":[{"embeddable":true,"href":"https:\/\/www.caririemacao.com\/1\/wp-json\/wp\/v2\/media\/157192"}],"wp:attachment":[{"href":"https:\/\/www.caririemacao.com\/1\/wp-json\/wp\/v2\/media?parent=159555"}],"wp:term":[{"taxonomy":"category","embeddable":true,"href":"https:\/\/www.caririemacao.com\/1\/wp-json\/wp\/v2\/categories?post=159555"},{"taxonomy":"post_tag","embeddable":true,"href":"https:\/\/www.caririemacao.com\/1\/wp-json\/wp\/v2\/tags?post=159555"}],"curies":[{"name":"wp","href":"https:\/\/api.w.org\/{rel}","templated":true}]}}