{"id":159564,"date":"2020-03-23T06:40:44","date_gmt":"2020-03-23T09:40:44","guid":{"rendered":"http:\/\/www.caririemacao.com\/1\/?p=159564"},"modified":"2020-03-23T06:40:45","modified_gmt":"2020-03-23T09:40:45","slug":"70-dos-funcionarios-da-caixa-economica-irao-trabalhar-em-casa","status":"publish","type":"post","link":"https:\/\/www.caririemacao.com\/1\/2020\/03\/23\/70-dos-funcionarios-da-caixa-economica-irao-trabalhar-em-casa\/","title":{"rendered":"70% dos funcion\u00e1rios da Caixa Econ\u00f4mica ir\u00e3o trabalhar em casa"},"content":{"rendered":"\n<p>A Caixa Econ\u00f4mica Federal anunciou neste domingo (22) que 70% dos funcion\u00e1rios das ag\u00eancias ser\u00e3o liberados para trabalhar em casa a partir desta semana.<br>Esse contingente inclui todos os maiores de 60 anos, gr\u00e1vidas e lactantes, al\u00e9m de funcion\u00e1rios que estejam nos grupos de risco em caso de contamina\u00e7\u00e3o pelo novo coronav\u00edrus.<\/p>\n\n\n\n<p>J\u00e1 na segunda-feira (23), o atendimento presencial ficar\u00e1 restrito ao pagamento de benef\u00edcios previdenci\u00e1rios a segurados do INSS e outros benef\u00edcios sociais, como seguro-desemprego, seguro-defeso, abono salarial e FGTS (Fundo de Garantia do Tempo de Servi\u00e7o) para trabalhadores que n\u00e3o tenham o cart\u00e3o-cidad\u00e3o.<\/p>\n\n\n\n<p>Al\u00e9m disso, as ag\u00eancias abrir\u00e3o uma hora mais cedo para o atendimento de idosos.<\/p>\n\n\n\n<p>O presidente da Caixa, Pedro Guimar\u00e3es, confirmou a informa\u00e7\u00e3o durante videoconfer\u00eancia organizada pela XP Investimentos neste domingo.<\/p>\n\n\n\n<p>Segundo ele, a parte \u201cfrontal\u201d da ag\u00eancia seguir\u00e1 funcionando para atender os servi\u00e7os considerados essenciais, mas que todos os cuidados ser\u00e3o tomados.<\/p>\n\n\n\n<p>Mesmo com as ag\u00eancias praticamente fechadas, h\u00e1 a necessidade de ter pessoal atuando na an\u00e1lise de processos, abastecimento de caixas eletr\u00f4nicos e processamento de dep\u00f3sitos.<\/p>\n\n\n\n<p>As equipes que seguir\u00e3o trabalh\u00e3o dever\u00e3o atuar em regimes de escalas, que ser\u00e3o definidos pelos gerentes-gerais junto aos funcion\u00e1rios. Segundo o Comando Nacional dos Banc\u00e1rios, a Caixa disponibilizar\u00e1 um sistema que permitir\u00e1 o atendimento por meio do WhatsApp.<\/p>\n\n\n\n<p>Os representantes dos trabalhadores ter\u00e3o nesta segunda uma reuni\u00e3o com a Fenaban (Federa\u00e7\u00e3o Nacional dos Bancos), por videoconfer\u00eancia, para discutir outras medidas de prote\u00e7\u00e3o aos banc\u00e1rios.<\/p>\n\n\n\n<p>O coordenador da comiss\u00e3o executiva dos empregados da Caixa, Dion\u00edsio Reis, diz que o banco p\u00fablico vai aceitar a autodeclara\u00e7\u00e3o para o afastamento de funcion\u00e1rios com suspeita de contamina\u00e7\u00e3o sem que haja a necessidade de um atestado m\u00e9dico emitido por servi\u00e7o de sa\u00fade. O Comando Nacional dos Banc\u00e1rios quer a mesma regra em todas as institui\u00e7\u00f5es.<\/p>\n","protected":false},"excerpt":{"rendered":"<p>A Caixa Econ\u00f4mica Federal anunciou neste domingo (22) que 70% dos funcion\u00e1rios das ag\u00eancias ser\u00e3o liberados para trabalhar em casa a partir desta semana.Esse contingente&hellip; <\/p>\n","protected":false},"author":2,"featured_media":59745,"comment_status":"closed","ping_status":"closed","sticky":false,"template":"","format":"standard","meta":{"sfsi_plus_gutenberg_text_before_share":"","sfsi_plus_gutenberg_show_text_before_share":"","sfsi_plus_gutenberg_icon_type":"","sfsi_plus_gutenberg_icon_alignemt":"","sfsi_plus_gutenburg_max_per_row":"","footnotes":""},"categories":[2],"tags":[],"class_list":["post-159564","post","type-post","status-publish","format-standard","has-post-thumbnail","hentry","category-geral"],"_links":{"self":[{"href":"https:\/\/www.caririemacao.com\/1\/wp-json\/wp\/v2\/posts\/159564","targetHints":{"allow":["GET"]}}],"collection":[{"href":"https:\/\/www.caririemacao.com\/1\/wp-json\/wp\/v2\/posts"}],"about":[{"href":"https:\/\/www.caririemacao.com\/1\/wp-json\/wp\/v2\/types\/post"}],"author":[{"embeddable":true,"href":"https:\/\/www.caririemacao.com\/1\/wp-json\/wp\/v2\/users\/2"}],"replies":[{"embeddable":true,"href":"https:\/\/www.caririemacao.com\/1\/wp-json\/wp\/v2\/comments?post=159564"}],"version-history":[{"count":1,"href":"https:\/\/www.caririemacao.com\/1\/wp-json\/wp\/v2\/posts\/159564\/revisions"}],"predecessor-version":[{"id":159565,"href":"https:\/\/www.caririemacao.com\/1\/wp-json\/wp\/v2\/posts\/159564\/revisions\/159565"}],"wp:featuredmedia":[{"embeddable":true,"href":"https:\/\/www.caririemacao.com\/1\/wp-json\/wp\/v2\/media\/59745"}],"wp:attachment":[{"href":"https:\/\/www.caririemacao.com\/1\/wp-json\/wp\/v2\/media?parent=159564"}],"wp:term":[{"taxonomy":"category","embeddable":true,"href":"https:\/\/www.caririemacao.com\/1\/wp-json\/wp\/v2\/categories?post=159564"},{"taxonomy":"post_tag","embeddable":true,"href":"https:\/\/www.caririemacao.com\/1\/wp-json\/wp\/v2\/tags?post=159564"}],"curies":[{"name":"wp","href":"https:\/\/api.w.org\/{rel}","templated":true}]}}