{"id":159575,"date":"2020-03-23T06:47:41","date_gmt":"2020-03-23T09:47:41","guid":{"rendered":"http:\/\/www.caririemacao.com\/1\/?p=159575"},"modified":"2020-03-23T06:47:43","modified_gmt":"2020-03-23T09:47:43","slug":"comeca-hoje-campanha-de-vacinacao-contra-a-gripe","status":"publish","type":"post","link":"https:\/\/www.caririemacao.com\/1\/2020\/03\/23\/comeca-hoje-campanha-de-vacinacao-contra-a-gripe\/","title":{"rendered":"Come\u00e7a hoje Campanha de Vacina\u00e7\u00e3o contra a gripe"},"content":{"rendered":"\n<p>A Campanha de Vacina\u00e7\u00e3o contra a gripe come\u00e7a nesta segunda-feira (23).&nbsp;Ser\u00e3o vacinados, primeiramente, os idosos e os trabalhadores de sa\u00fade que atuam na linha de frente do atendimento \u00e0 popula\u00e7\u00e3o contra o Coronav\u00edrus.&nbsp;<\/p>\n\n\n\n<p>A campanha foi antecipada e a decis\u00e3o \u00e9 mais uma medida de prote\u00e7\u00e3o a esses p\u00fablicos, em especial aos idosos, j\u00e1 que a vacina \u00e9 uma prote\u00e7\u00e3o aos quadros de doen\u00e7as respirat\u00f3rias mais comuns, que, dependendo da gravidade, pode levar a \u00f3bito. Outra preocupa\u00e7\u00e3o \u00e9 evitar que as pessoas acima de 60 anos, p\u00fablico mais vulner\u00e1vel ao coronav\u00edrus, precisem fazer deslocamentos no per\u00edodo esperado de prov\u00e1vel circula\u00e7\u00e3o do v\u00edrus no pa\u00eds.<\/p>\n\n\n\n<p>A meta \u00e9 vacinar, pelo menos, 90% de cada um dos grupos priorit\u00e1rios. Ano passado, a Para\u00edba atingiu 94,44%.&nbsp;<\/p>\n\n\n\n<p>A campanha ser\u00e1 dividida em tr\u00eas fases, sendo os idosos e trabalhadores de sa\u00fade vacinados na primeira fase, que vai at\u00e9 o dia 03 de abril. A vacina\u00e7\u00e3o para a popula\u00e7\u00e3o idosa ser\u00e1 realizada de segunda \u00e0 sexta-feira, das 13h \u00e0s 18h, em gin\u00e1sios municipais pr\u00f3ximos de suas resid\u00eancias para facilitar o acesso. Os idosos acamados ser\u00e3o imunizados em casa, mediante agendamento pr\u00e9vio de seus familiares em suas unidades de sa\u00fade da fam\u00edlia (USF) de refer\u00eancia. J\u00e1 aqueles que moram em institui\u00e7\u00e3o de longa perman\u00eancia ser\u00e3o vacinados na pr\u00f3pria institui\u00e7\u00e3o.<\/p>\n\n\n\n<p>Os locais de vacina\u00e7\u00e3o para os idosos podem ser acessados neste link:&nbsp;<a href=\"https:\/\/midi.as\/influenza\">https:\/\/midi.as\/influenza<\/a><\/p>\n\n\n\n<p>Trabalhadores de sa\u00fade \u2013 Os trabalhadores da \u00e1rea de sa\u00fade que trabalham na rede hospitalar ser\u00e3o vacinados em seus locais de trabalho. Ser\u00e3o visitadas 30 institui\u00e7\u00f5es de grande porte, entre unidades de pronto atendimento (UPA), hospitais p\u00fablicos e privados. J\u00e1 os que n\u00e3o trabalham na rede hospitalar dever\u00e3o se vacinar em sua USF de refer\u00eancia no turno da manh\u00e3.<\/p>\n\n\n\n<p>Outros grupos \u2013 Os grupos priorit\u00e1rios, conforme o Minist\u00e9rio da Sa\u00fade, para a vacina contra a influenza s\u00e3o: idosos, crian\u00e7as (de seis meses at\u00e9 cinco anos, 11 meses e 29 dias), gestantes, pu\u00e9rperas, ind\u00edgenas e trabalhadores de sa\u00fade. Tamb\u00e9m ser\u00e3o vacinados os seguintes p\u00fablicos: pessoas com doen\u00e7as cr\u00f4nicas, professores, funcion\u00e1rios do sistema prisional, popula\u00e7\u00e3o privada de liberdade, jovens de 12 a 21 anos sob medidas socioeducativas, profissionais das for\u00e7as de seguran\u00e7a e salvamento e adultos de 55 a 59 anos de idade.<\/p>\n\n\n\n<p>Para ser imunizado, o usu\u00e1rio deve compor o p\u00fablico alvo da vacina\u00e7\u00e3o e comprovar estar inserido no grupo no momento da imuniza\u00e7\u00e3o. As vacinas estar\u00e3o dispon\u00edveis em todas as salas de vacina\u00e7\u00e3o das unidades de sa\u00fade da fam\u00edlia da Capital, al\u00e9m do Centro Municipal de Imuniza\u00e7\u00e3o (CMI), de segunda \u00e0 sexta-feira.<\/p>\n\n\n\n<p>Mobiliza\u00e7\u00e3o Nacional \u2013 Este ano, o Dia D da Campanha acontecer\u00e1 em 9 de maio. O Minist\u00e9rio da Sa\u00fade decidiu realizar esta campanha com um m\u00eas de anteced\u00eancia pelo momento que o mundo passa no combate ao coronav\u00edrus. Apesar desta vacina n\u00e3o prevenir contra o novo v\u00edrus, pretende-se proteger a popula\u00e7\u00e3o contra a influenza, al\u00e9m de minimizar o impacto nos servi\u00e7os de sa\u00fade. Os sintomas desta doen\u00e7a s\u00e3o semelhantes aos do coronav\u00edrus e a antecipa\u00e7\u00e3o visa reduzir a carga da circula\u00e7\u00e3o de influenza na popula\u00e7\u00e3o.<\/p>\n\n\n\n<p><strong>Cronograma de Vacina\u00e7\u00e3o:<\/strong><\/p>\n\n\n\n<p>&nbsp;23\/03 \u2013 Idosos e trabalhadores de sa\u00fade<\/p>\n\n\n\n<p>08\/04 \u2013 Gestantes e pu\u00e9rperas<\/p>\n\n\n\n<p>16\/04 \u2013 Crian\u00e7as (seis meses at\u00e9 menores de seis anos), professores da rede p\u00fablica e privada, portadores de doen\u00e7as cr\u00f4nicas<\/p>\n\n\n\n<p>09\/05 \u2013 Todos os grupos que comp\u00f5em o p\u00fablico alvo<\/p>\n","protected":false},"excerpt":{"rendered":"<p>A Campanha de Vacina\u00e7\u00e3o contra a gripe come\u00e7a nesta segunda-feira (23).&nbsp;Ser\u00e3o vacinados, primeiramente, os idosos e os trabalhadores de sa\u00fade que atuam na linha de&hellip; <\/p>\n","protected":false},"author":2,"featured_media":155537,"comment_status":"closed","ping_status":"closed","sticky":false,"template":"","format":"standard","meta":{"sfsi_plus_gutenberg_text_before_share":"","sfsi_plus_gutenberg_show_text_before_share":"","sfsi_plus_gutenberg_icon_type":"","sfsi_plus_gutenberg_icon_alignemt":"","sfsi_plus_gutenburg_max_per_row":"","footnotes":""},"categories":[50,16],"tags":[],"class_list":["post-159575","post","type-post","status-publish","format-standard","has-post-thumbnail","hentry","category-destaque","category-saude"],"_links":{"self":[{"href":"https:\/\/www.caririemacao.com\/1\/wp-json\/wp\/v2\/posts\/159575","targetHints":{"allow":["GET"]}}],"collection":[{"href":"https:\/\/www.caririemacao.com\/1\/wp-json\/wp\/v2\/posts"}],"about":[{"href":"https:\/\/www.caririemacao.com\/1\/wp-json\/wp\/v2\/types\/post"}],"author":[{"embeddable":true,"href":"https:\/\/www.caririemacao.com\/1\/wp-json\/wp\/v2\/users\/2"}],"replies":[{"embeddable":true,"href":"https:\/\/www.caririemacao.com\/1\/wp-json\/wp\/v2\/comments?post=159575"}],"version-history":[{"count":1,"href":"https:\/\/www.caririemacao.com\/1\/wp-json\/wp\/v2\/posts\/159575\/revisions"}],"predecessor-version":[{"id":159576,"href":"https:\/\/www.caririemacao.com\/1\/wp-json\/wp\/v2\/posts\/159575\/revisions\/159576"}],"wp:featuredmedia":[{"embeddable":true,"href":"https:\/\/www.caririemacao.com\/1\/wp-json\/wp\/v2\/media\/155537"}],"wp:attachment":[{"href":"https:\/\/www.caririemacao.com\/1\/wp-json\/wp\/v2\/media?parent=159575"}],"wp:term":[{"taxonomy":"category","embeddable":true,"href":"https:\/\/www.caririemacao.com\/1\/wp-json\/wp\/v2\/categories?post=159575"},{"taxonomy":"post_tag","embeddable":true,"href":"https:\/\/www.caririemacao.com\/1\/wp-json\/wp\/v2\/tags?post=159575"}],"curies":[{"name":"wp","href":"https:\/\/api.w.org\/{rel}","templated":true}]}}