{"id":159585,"date":"2020-03-23T06:49:53","date_gmt":"2020-03-23T09:49:53","guid":{"rendered":"http:\/\/www.caririemacao.com\/1\/?p=159585"},"modified":"2020-03-23T06:49:54","modified_gmt":"2020-03-23T09:49:54","slug":"datafolha-73-aprovam-quarentena-e-74-tem-medo-de-ser-infectados-pelo-coronavirus","status":"publish","type":"post","link":"https:\/\/www.caririemacao.com\/1\/2020\/03\/23\/datafolha-73-aprovam-quarentena-e-74-tem-medo-de-ser-infectados-pelo-coronavirus\/","title":{"rendered":"Datafolha: 73% aprovam quarentena e 74% t\u00eam medo de ser infectados pelo coronav\u00edrus"},"content":{"rendered":"\n<p>Pesquisa Datafolha divulgada neste domingo mostra que 73% dos brasileiros apoiam a quarentena tempor\u00e1ria com isolamento for\u00e7ado em casa por conta da pandemia do coronav\u00edrus. Outros 24% s\u00e3o contra e 2%, indiferentes. A porcentagem dos que dizem ter medo de cont\u00e1gio da Covid-19 \u00e9 de 74%. Desse total, 36% dizem ter muito medo e, 38%, um pouco. Mulheres est\u00e3o entre as mais preocupadas: 44% dizem ter muito medo, ante 35% dos homens. A pandemia \u00e9 considerada um problema s\u00e9rio por 88%. At\u00e9 o momento, 25 mortes foram confirmadas e h\u00e1 mais de mil casos. S\u00e3o Paulo e Rio de Janeiro concentram as v\u00edtimas.<\/p>\n\n\n\n<p>J\u00e1 um dos principais grupos de risco, aqueles com mais de 60 anos, representam o maior \u00edndice de pessoas que acham que n\u00e3o ser\u00e3o contaminadas pelo v\u00edrus: 19%. No geral, 83% dos entrevistados acham que t\u00eam chances de serem infectados. Destes, 20% acreditam que o risco \u00e9 grande; 33%, m\u00e9dio; e 30%, pequeno.<\/p>\n\n\n\n<p>Na percep\u00e7\u00e3o da letalidade, os brasileiros est\u00e3o divididos. Para 45%, muitas pessoas morrer\u00e3o no pa\u00eds e 46% acham que ser\u00e3o poucas v\u00edtimas. Mas a ampla maioria concorda que os idosos ser\u00e3o os mais afetados (85%), seguidos dos mais pobres (50%).<\/p>\n\n\n\n<p>As medidas das autoridades para tentar conter o avan\u00e7o do v\u00edrus apresentam alta aprova\u00e7\u00e3o: 92% concordam com a suspens\u00e3o de aulas, 94% aprovam a proibi\u00e7\u00e3o de viagens internacionais e 91% s\u00e3o favor\u00e1veis \u00e0 interrup\u00e7\u00e3o do futebol.<\/p>\n\n\n\n<p>J\u00e1 a suspens\u00e3o de cultos religiosos \u00e9 considerada adequada para 82% dos entrevistados. Por\u00e9m o fechamento do com\u00e9rcio deixou o brasileiro dividido:46% s\u00e3o a favor, e 33%, contra.<\/p>\n\n\n\n<p>Os entrevistados tamb\u00e9m acham necess\u00e1rias as mudan\u00e7as de h\u00e1bitos sociais no combate ao coronav\u00edrus. 90% consideram v\u00e1lido evitar os beijos e abra\u00e7os como forma de cumprimento. Evitar aglomera\u00e7\u00f5es em bares e restaurantes t\u00eam apoio de 86%. Assim como fazer reuni\u00f5es em casa (78%).<\/p>\n\n\n\n<p>Muitos j\u00e1 t\u00eam aplicado a restri\u00e7\u00e3o ao contato f\u00edsico em suas rotinas. Mais de 75% deixaram de beijar, abra\u00e7ar ou dar as m\u00e3os nos cumprimentos. 43% cancelaram viagens.<\/p>\n\n\n\n<p>Os h\u00e1bitos de higiene para evitar o cont\u00e1gio tamb\u00e9m t\u00eam sido respeitados pela maioria. 97% dizem estar tomando precau\u00e7\u00f5es; 63% lavam m\u00e3o e rosto e 46% usam \u00e1lcool gel. Destes, 59% adotam algum tipo de isolamento social e 25% evitam aglomera\u00e7\u00f5es.<\/p>\n\n\n\n<p>Quase todos os entrevistados disseram ter informa\u00e7\u00f5es sobre o v\u00edrus e a doen\u00e7a (99%); desses 72% se consideram &#8220;bem informados&#8221;.<\/p>\n\n\n\n<p>De acordo com a pesquisa, 37% das pessoas pararam de trabalhar e 55% de ir aos estudos. Quase metade das pessoas afirma ter parado de sair \u00e0s ruas (46%).<\/p>\n\n\n\n<p>O trabalho em casa, no entanto, tem sido feito por apenas 1% dos entrevistados.<\/p>\n\n\n\n<p>Segundo o DataFolha, foram entrevistados 1.558 brasileiros adultos por telefone em todas as regi\u00f5es do pa\u00eds. A margem de erro \u00e9 de tr\u00eas pontros percentuais. Os dados foram coletados entre 18 e 20 de mar\u00e7o de 2020.<\/p>\n","protected":false},"excerpt":{"rendered":"<p>Pesquisa Datafolha divulgada neste domingo mostra que 73% dos brasileiros apoiam a quarentena tempor\u00e1ria com isolamento for\u00e7ado em casa por conta da pandemia do coronav\u00edrus.&hellip; <\/p>\n","protected":false},"author":2,"featured_media":158615,"comment_status":"closed","ping_status":"closed","sticky":false,"template":"","format":"standard","meta":{"sfsi_plus_gutenberg_text_before_share":"","sfsi_plus_gutenberg_show_text_before_share":"","sfsi_plus_gutenberg_icon_type":"","sfsi_plus_gutenberg_icon_alignemt":"","sfsi_plus_gutenburg_max_per_row":"","footnotes":""},"categories":[2],"tags":[],"class_list":["post-159585","post","type-post","status-publish","format-standard","has-post-thumbnail","hentry","category-geral"],"_links":{"self":[{"href":"https:\/\/www.caririemacao.com\/1\/wp-json\/wp\/v2\/posts\/159585","targetHints":{"allow":["GET"]}}],"collection":[{"href":"https:\/\/www.caririemacao.com\/1\/wp-json\/wp\/v2\/posts"}],"about":[{"href":"https:\/\/www.caririemacao.com\/1\/wp-json\/wp\/v2\/types\/post"}],"author":[{"embeddable":true,"href":"https:\/\/www.caririemacao.com\/1\/wp-json\/wp\/v2\/users\/2"}],"replies":[{"embeddable":true,"href":"https:\/\/www.caririemacao.com\/1\/wp-json\/wp\/v2\/comments?post=159585"}],"version-history":[{"count":1,"href":"https:\/\/www.caririemacao.com\/1\/wp-json\/wp\/v2\/posts\/159585\/revisions"}],"predecessor-version":[{"id":159586,"href":"https:\/\/www.caririemacao.com\/1\/wp-json\/wp\/v2\/posts\/159585\/revisions\/159586"}],"wp:featuredmedia":[{"embeddable":true,"href":"https:\/\/www.caririemacao.com\/1\/wp-json\/wp\/v2\/media\/158615"}],"wp:attachment":[{"href":"https:\/\/www.caririemacao.com\/1\/wp-json\/wp\/v2\/media?parent=159585"}],"wp:term":[{"taxonomy":"category","embeddable":true,"href":"https:\/\/www.caririemacao.com\/1\/wp-json\/wp\/v2\/categories?post=159585"},{"taxonomy":"post_tag","embeddable":true,"href":"https:\/\/www.caririemacao.com\/1\/wp-json\/wp\/v2\/tags?post=159585"}],"curies":[{"name":"wp","href":"https:\/\/api.w.org\/{rel}","templated":true}]}}