{"id":159599,"date":"2020-03-23T06:57:04","date_gmt":"2020-03-23T09:57:04","guid":{"rendered":"http:\/\/www.caririemacao.com\/1\/?p=159599"},"modified":"2020-03-23T06:57:05","modified_gmt":"2020-03-23T09:57:05","slug":"prefeitura-de-sao-jose-dos-cordeiros-decreta-fechamento-de-feiras-comercio-e-bares","status":"publish","type":"post","link":"https:\/\/www.caririemacao.com\/1\/2020\/03\/23\/prefeitura-de-sao-jose-dos-cordeiros-decreta-fechamento-de-feiras-comercio-e-bares\/","title":{"rendered":"Prefeitura de S\u00e3o Jos\u00e9 dos Cordeiros decreta fechamento de feiras, com\u00e9rcio e bares"},"content":{"rendered":"\n<p>Um novo decreto foi assinado pelo prefeito Jefferson Roberto visando assegurar o isolamento de pessoas em S\u00e3o Jos\u00e9 dos Cordeiros. As medidas come\u00e7am a valer nesta segunda-feira (23) e entre as principais est\u00e3o o fechamento parcial do com\u00e9rcio local, suspens\u00e3o das feiras livres e de gado, fechamento das reparti\u00e7\u00f5es p\u00fablicas e impedimento de realiza\u00e7\u00e3o de eventos.<\/p>\n\n\n\n<p><strong><a href=\"http:\/\/www.saojosedoscordeiros.pb.gov.br\/documentos\/decretos\/decreto_0006_2020_D6M81FX8QC1PB5C.pdf\">Veja aqui o decreto<\/a><\/strong><\/p>\n\n\n\n<p>O decreto de n\u00famero 006 \/2020 \u00e9 uma a\u00e7\u00e3o direta do poder p\u00fablico para amenizar os efeitos do novo coronav\u00edrus e sua dissemina\u00e7\u00e3o no munic\u00edpio. O isolamento social, segundo o prefeito Jefferson Roberto, s\u00f3 ser\u00e1 efetivo com o cumprimento de medidas duras, mas que perdurar\u00e3o um tempo determinado. \u201cA vida \u00e9 mais preciosa que o dinheiro ou qualquer outra coisa; e \u00e9 por isso que estamos decretando todas as medidas\u201d, assinalou o gestor.<\/p>\n\n\n\n<p>Fica determinado a suspens\u00e3o, por tempo indeterminado, da realiza\u00e7\u00e3o das feiras livres, bem como da feira de gado realizada no \u00e2mbito do munic\u00edpio. A matan\u00e7a de animais no Matadouro P\u00fablico ser\u00e1 regulada\/disciplinada por portaria a ser expedida pela Secretaria de Agricultura.<\/p>\n\n\n\n<p>No servi\u00e7o p\u00fablico, todas as reparti\u00e7\u00f5es devem ser fechadas, ficando mantido apenas os servi\u00e7os de sa\u00fade e limpeza p\u00fablica. As obras p\u00fablicas tamb\u00e9m devem ser suspensas. As quadras e campos na zona urbana e rural tamb\u00e9m n\u00e3o poder\u00e3o ser utilizados, como tamb\u00e9m as academias de sa\u00fade.<\/p>\n\n\n\n<p>O decreto tamb\u00e9m pro\u00edbe a realiza\u00e7\u00e3o de atividades, festas ou eventos no Clube Municipal Asa Branca; o funcionamento das casas de festas e eventos; reuni\u00e3o de associa\u00e7\u00f5es e outras atividades similares; banhos em a\u00e7udes, barreiros e rios; e loca\u00e7\u00e3o de espa\u00e7os, garagem, piscinas e assemelhados destinadas a festas ou confraterniza\u00e7\u00f5es.<\/p>\n\n\n\n<p>Ficam suspensas, pelo prazo de quinze dias, pass\u00edvel de prorroga\u00e7\u00e3o, as atividades comerciais, exceto com\u00e9rcio de g\u00eaneros aliment\u00edcios, farm\u00e1cias e postos de combust\u00edveis. O com\u00e9rcio ambulante das pessoas n\u00e3o residentes no munic\u00edpio de S\u00e3o Jos\u00e9 dos Cordeiros tamb\u00e9m est\u00e1 proibido e os \u201cbares\u201d localizados na zona urbana e rural devem ser fechados.<\/p>\n\n\n\n<p>A administra\u00e7\u00e3o Municipal contar\u00e1 com o aux\u00edlio da for\u00e7a policial para o fiel cumprimento das medidas adotadas neste decreto.<\/p>\n","protected":false},"excerpt":{"rendered":"<p>Um novo decreto foi assinado pelo prefeito Jefferson Roberto visando assegurar o isolamento de pessoas em S\u00e3o Jos\u00e9 dos Cordeiros. As medidas come\u00e7am a valer&hellip; <\/p>\n","protected":false},"author":2,"featured_media":159600,"comment_status":"closed","ping_status":"closed","sticky":false,"template":"","format":"standard","meta":{"sfsi_plus_gutenberg_text_before_share":"","sfsi_plus_gutenberg_show_text_before_share":"","sfsi_plus_gutenberg_icon_type":"","sfsi_plus_gutenberg_icon_alignemt":"","sfsi_plus_gutenburg_max_per_row":"","footnotes":""},"categories":[6],"tags":[],"class_list":["post-159599","post","type-post","status-publish","format-standard","has-post-thumbnail","hentry","category-cidades"],"_links":{"self":[{"href":"https:\/\/www.caririemacao.com\/1\/wp-json\/wp\/v2\/posts\/159599","targetHints":{"allow":["GET"]}}],"collection":[{"href":"https:\/\/www.caririemacao.com\/1\/wp-json\/wp\/v2\/posts"}],"about":[{"href":"https:\/\/www.caririemacao.com\/1\/wp-json\/wp\/v2\/types\/post"}],"author":[{"embeddable":true,"href":"https:\/\/www.caririemacao.com\/1\/wp-json\/wp\/v2\/users\/2"}],"replies":[{"embeddable":true,"href":"https:\/\/www.caririemacao.com\/1\/wp-json\/wp\/v2\/comments?post=159599"}],"version-history":[{"count":1,"href":"https:\/\/www.caririemacao.com\/1\/wp-json\/wp\/v2\/posts\/159599\/revisions"}],"predecessor-version":[{"id":159601,"href":"https:\/\/www.caririemacao.com\/1\/wp-json\/wp\/v2\/posts\/159599\/revisions\/159601"}],"wp:featuredmedia":[{"embeddable":true,"href":"https:\/\/www.caririemacao.com\/1\/wp-json\/wp\/v2\/media\/159600"}],"wp:attachment":[{"href":"https:\/\/www.caririemacao.com\/1\/wp-json\/wp\/v2\/media?parent=159599"}],"wp:term":[{"taxonomy":"category","embeddable":true,"href":"https:\/\/www.caririemacao.com\/1\/wp-json\/wp\/v2\/categories?post=159599"},{"taxonomy":"post_tag","embeddable":true,"href":"https:\/\/www.caririemacao.com\/1\/wp-json\/wp\/v2\/tags?post=159599"}],"curies":[{"name":"wp","href":"https:\/\/api.w.org\/{rel}","templated":true}]}}