{"id":159603,"date":"2020-03-23T06:59:53","date_gmt":"2020-03-23T09:59:53","guid":{"rendered":"http:\/\/www.caririemacao.com\/1\/?p=159603"},"modified":"2020-03-23T06:59:55","modified_gmt":"2020-03-23T09:59:55","slug":"prefeitura-de-sume-decreta-fechamento-do-comercio-local-a-partir-dessa-segunda-feira","status":"publish","type":"post","link":"https:\/\/www.caririemacao.com\/1\/2020\/03\/23\/prefeitura-de-sume-decreta-fechamento-do-comercio-local-a-partir-dessa-segunda-feira\/","title":{"rendered":"Prefeitura de Sum\u00e9 decreta fechamento do com\u00e9rcio local a partir dessa segunda-feira"},"content":{"rendered":"\n<p>O prefeito \u00c9den Duarte assinou decreto, nesse domingo, (22), determinando o fechamento do com\u00e9rcio na cidade de Sum\u00e9, em virtude do coronav\u00edrus. A medida entra em vigor no munic\u00edpio nessa segunda-feira (23), a partir das 15h, por um per\u00edodo de 15 dias, prorrog\u00e1veis, se necess\u00e1rio.<\/p>\n\n\n\n<p>Segundo o prefeito, fica permitido o funcionamento, em car\u00e1ter especial, presencialmente, at\u00e9 \u00e0s 15h e com controle de entrada, durante o per\u00edodo de vigor do decreto, padarias, supermercados e mercadinhos, quitandas, distribuidoras de \u00e1gua e g\u00e1s e casas&nbsp;de venda de ra\u00e7\u00e3o e produtos veterin\u00e1rios.<\/p>\n\n\n\n<p>Ainda conforme o documento, ap\u00f3s esse hor\u00e1rio, as lojas s\u00f3 poder\u00e3o funcionar por meio de entregas&nbsp;<em>delivery. C<\/em>om exce\u00e7\u00e3o de farm\u00e1cia, postos de combust\u00edveis, funer\u00e1rias, r\u00e1dios e outros meios de comunica\u00e7\u00e3o, que poder\u00e3o funcionar normalmente, adotando, entretanto, medidas preventivas conforme estabelecido pelo Minist\u00e9rio da Sa\u00fade e decretos da Prefeitura Municipal de Sum\u00e9.<\/p>\n\n\n\n<p>Em caso de descumprimento do decreto, os propriet\u00e1rios dos estabelecimentos estar\u00e3o sujeitos a aplica\u00e7\u00e3o de penalidades e poder\u00e3o ter seu alvar\u00e1 de licen\u00e7a cassado.<\/p>\n\n\n\n<p>A Prefeitura de Sum\u00e9 vem adotando gradativamente uma s\u00e9rie de medidas para coibir uma poss\u00edvel prolifera\u00e7\u00e3o do coronav\u00edrus na cidade. Diante da gravidade da pandemia, a gest\u00e3o municipal tem percebido tamb\u00e9m que grande parte da popula\u00e7\u00e3o local ainda n\u00e3o entendeu que a situa\u00e7\u00e3o \u00e9 muito s\u00e9ria e que, portanto, exige um esfor\u00e7o conjunto para evitar a consequente perda de vidas no munic\u00edpio.<\/p>\n\n\n\n<p>Confira o documento na \u00edntegra&nbsp;<a href=\"http:\/\/www.sume.pb.gov.br\/wp-content\/uploads\/2020\/03\/Decreto-1.313-2020-Fechamento-Come%CC%81rcio-3-1.pdf\">aqui!<\/a><\/p>\n","protected":false},"excerpt":{"rendered":"<p>O prefeito \u00c9den Duarte assinou decreto, nesse domingo, (22), determinando o fechamento do com\u00e9rcio na cidade de Sum\u00e9, em virtude do coronav\u00edrus. A medida entra&hellip; <\/p>\n","protected":false},"author":2,"featured_media":154554,"comment_status":"closed","ping_status":"closed","sticky":false,"template":"","format":"standard","meta":{"sfsi_plus_gutenberg_text_before_share":"","sfsi_plus_gutenberg_show_text_before_share":"","sfsi_plus_gutenberg_icon_type":"","sfsi_plus_gutenberg_icon_alignemt":"","sfsi_plus_gutenburg_max_per_row":"","footnotes":""},"categories":[6],"tags":[],"class_list":["post-159603","post","type-post","status-publish","format-standard","has-post-thumbnail","hentry","category-cidades"],"_links":{"self":[{"href":"https:\/\/www.caririemacao.com\/1\/wp-json\/wp\/v2\/posts\/159603","targetHints":{"allow":["GET"]}}],"collection":[{"href":"https:\/\/www.caririemacao.com\/1\/wp-json\/wp\/v2\/posts"}],"about":[{"href":"https:\/\/www.caririemacao.com\/1\/wp-json\/wp\/v2\/types\/post"}],"author":[{"embeddable":true,"href":"https:\/\/www.caririemacao.com\/1\/wp-json\/wp\/v2\/users\/2"}],"replies":[{"embeddable":true,"href":"https:\/\/www.caririemacao.com\/1\/wp-json\/wp\/v2\/comments?post=159603"}],"version-history":[{"count":1,"href":"https:\/\/www.caririemacao.com\/1\/wp-json\/wp\/v2\/posts\/159603\/revisions"}],"predecessor-version":[{"id":159604,"href":"https:\/\/www.caririemacao.com\/1\/wp-json\/wp\/v2\/posts\/159603\/revisions\/159604"}],"wp:featuredmedia":[{"embeddable":true,"href":"https:\/\/www.caririemacao.com\/1\/wp-json\/wp\/v2\/media\/154554"}],"wp:attachment":[{"href":"https:\/\/www.caririemacao.com\/1\/wp-json\/wp\/v2\/media?parent=159603"}],"wp:term":[{"taxonomy":"category","embeddable":true,"href":"https:\/\/www.caririemacao.com\/1\/wp-json\/wp\/v2\/categories?post=159603"},{"taxonomy":"post_tag","embeddable":true,"href":"https:\/\/www.caririemacao.com\/1\/wp-json\/wp\/v2\/tags?post=159603"}],"curies":[{"name":"wp","href":"https:\/\/api.w.org\/{rel}","templated":true}]}}