{"id":159607,"date":"2020-03-23T07:01:54","date_gmt":"2020-03-23T10:01:54","guid":{"rendered":"http:\/\/www.caririemacao.com\/1\/?p=159607"},"modified":"2020-03-23T07:01:55","modified_gmt":"2020-03-23T10:01:55","slug":"coronavirus-ministro-defende-adiar-eleicoes-e-antecipar-formatura-de-estudantes-de-medicina","status":"publish","type":"post","link":"https:\/\/www.caririemacao.com\/1\/2020\/03\/23\/coronavirus-ministro-defende-adiar-eleicoes-e-antecipar-formatura-de-estudantes-de-medicina\/","title":{"rendered":"Coronav\u00edrus: ministro defende adiar elei\u00e7\u00f5es e antecipar formatura de estudantes de medicina"},"content":{"rendered":"\n<p>O ministro da Sa\u00fade, Luiz Henrique Mandetta, defendeu neste domingo (22) que as elei\u00e7\u00f5es municipais deste ano sejam adiadas para que a\u00e7\u00f5es \u201cpol\u00edticas\u201d n\u00e3o prejudiquem as medidas que est\u00e3o sendo adotadas para o enfrentamento da&nbsp;epidemia de coronav\u00edrus.<\/p>\n\n\n\n<p>Em teleconfer\u00eancia com prefeitos de capitais, ele tamb\u00e9m informou que est\u00e1 sendo estudada a possibilidade de antecipar a formatura de estudantes de medicina para permitir que eles ajudem no tratamento aos doentes durante a crise.<\/p>\n\n\n\n<p>\u201cEu fa\u00e7o at\u00e9 uma sugest\u00e3o para voc\u00ea discutirem. Est\u00e1 na hora de olhar e falar assim: \u2018\u00f3, adia, faz um mandato tamp\u00e3o desses vereadores, desses prefeitos\u2019. Elei\u00e7\u00e3o no meio do ano \u00e9 uma trag\u00e9dia, vai todo mundo querer fazer a\u00e7\u00e3o pol\u00edtica\u201d, disse Mandetta.<\/p>\n\n\n\n<p>O ministro deu a declara\u00e7\u00e3o em meio a conversa com o prefeito de Bel\u00e9m (PA), Zenaldo Coutinho, que reclamou da dificuldade de contato com a secretaria estadual de Sa\u00fade do Par\u00e1.<\/p>\n\n\n\n<h2 class=\"wp-block-heading\"><strong>Alunos de medicina<\/strong><\/h2>\n\n\n\n<p>Aos prefeitos que participaram da teleconfer\u00eancia, Mandetta disse que o governo vai antecipar a formatura dos alunos de medicina que estejam no sexto ano e que \u201cfalta um m\u00eas, dois meses para se formar.\u201d<\/p>\n\n\n\n<p>\u201cVamos acelerar, esses meninos s\u00e3o jovens. Eles n\u00e3o t\u00eam experi\u00eancia mas eles podem fazer uma parte do atendimento. Eles t\u00eam 7.300 horas de capacita\u00e7\u00e3o. Fa\u00e7a uma imers\u00e3o para eles, n\u00e3o para coloca-los no CTI, mas ele pode muito bem ajudar e trabalhar muito com aquela massa que est\u00e1 atr\u00e1s\u201d, disse o ministro.A assessoria do Minist\u00e9rio da Sa\u00fade informou mais tarde neste domingo que a medida est\u00e1 sendo discutida com o Minist\u00e9rio da Educa\u00e7\u00e3o.Na sexta (20), o Minist\u00e9rio da Educa\u00e7\u00e3o j\u00e1 havia publicado portaria que autoriza estudantes de medicina, enfermagem, farm\u00e1cia e fisioterapia a fazer est\u00e1gio&nbsp;em unidades onde poder\u00e3o auxiliar o combate \u00e0 pandemia de coronav\u00edrus no pa\u00eds.<\/p>\n\n\n\n<p>Os estudantes ser\u00e3o alocados em unidades b\u00e1sicas de sa\u00fade, unidades de pronto atendimento, rede hospitalar e comunidades, atuando exclusivamente nas \u00e1reas de cl\u00ednica m\u00e9dica, pediatria, sa\u00fade coletiva e apoio \u00e0s fam\u00edlias, de acordo com as especificidades de cada curso.<\/p>\n\n\n\n<p>A permiss\u00e3o ser\u00e1 tempor\u00e1ria, enquanto durar a emerg\u00eancia em sa\u00fade p\u00fablica, e \u00e9 v\u00e1lida para estudantes dos dois \u00faltimos anos do curso de medicina e do \u00faltimo ano dos cursos de enfermagem, farm\u00e1cia e fisioterapia.<\/p>\n\n\n\n<p><em>G1 \u2013 Foto: REUTERS\/Adriano Machado<\/em><\/p>\n","protected":false},"excerpt":{"rendered":"<p>O ministro da Sa\u00fade, Luiz Henrique Mandetta, defendeu neste domingo (22) que as elei\u00e7\u00f5es municipais deste ano sejam adiadas para que a\u00e7\u00f5es \u201cpol\u00edticas\u201d n\u00e3o prejudiquem&hellip; <\/p>\n","protected":false},"author":2,"featured_media":158875,"comment_status":"closed","ping_status":"closed","sticky":false,"template":"","format":"standard","meta":{"sfsi_plus_gutenberg_text_before_share":"","sfsi_plus_gutenberg_show_text_before_share":"","sfsi_plus_gutenberg_icon_type":"","sfsi_plus_gutenberg_icon_alignemt":"","sfsi_plus_gutenburg_max_per_row":"","footnotes":""},"categories":[50,11],"tags":[],"class_list":["post-159607","post","type-post","status-publish","format-standard","has-post-thumbnail","hentry","category-destaque","category-politica"],"_links":{"self":[{"href":"https:\/\/www.caririemacao.com\/1\/wp-json\/wp\/v2\/posts\/159607","targetHints":{"allow":["GET"]}}],"collection":[{"href":"https:\/\/www.caririemacao.com\/1\/wp-json\/wp\/v2\/posts"}],"about":[{"href":"https:\/\/www.caririemacao.com\/1\/wp-json\/wp\/v2\/types\/post"}],"author":[{"embeddable":true,"href":"https:\/\/www.caririemacao.com\/1\/wp-json\/wp\/v2\/users\/2"}],"replies":[{"embeddable":true,"href":"https:\/\/www.caririemacao.com\/1\/wp-json\/wp\/v2\/comments?post=159607"}],"version-history":[{"count":1,"href":"https:\/\/www.caririemacao.com\/1\/wp-json\/wp\/v2\/posts\/159607\/revisions"}],"predecessor-version":[{"id":159609,"href":"https:\/\/www.caririemacao.com\/1\/wp-json\/wp\/v2\/posts\/159607\/revisions\/159609"}],"wp:featuredmedia":[{"embeddable":true,"href":"https:\/\/www.caririemacao.com\/1\/wp-json\/wp\/v2\/media\/158875"}],"wp:attachment":[{"href":"https:\/\/www.caririemacao.com\/1\/wp-json\/wp\/v2\/media?parent=159607"}],"wp:term":[{"taxonomy":"category","embeddable":true,"href":"https:\/\/www.caririemacao.com\/1\/wp-json\/wp\/v2\/categories?post=159607"},{"taxonomy":"post_tag","embeddable":true,"href":"https:\/\/www.caririemacao.com\/1\/wp-json\/wp\/v2\/tags?post=159607"}],"curies":[{"name":"wp","href":"https:\/\/api.w.org\/{rel}","templated":true}]}}