{"id":159611,"date":"2020-03-23T07:03:30","date_gmt":"2020-03-23T10:03:30","guid":{"rendered":"http:\/\/www.caririemacao.com\/1\/?p=159611"},"modified":"2020-03-23T07:03:31","modified_gmt":"2020-03-23T10:03:31","slug":"prefeitura-de-amparo-publica-novo-decreto-com-medidas-urgentes-para-o-enfrentamento-do-coronavirus","status":"publish","type":"post","link":"https:\/\/www.caririemacao.com\/1\/2020\/03\/23\/prefeitura-de-amparo-publica-novo-decreto-com-medidas-urgentes-para-o-enfrentamento-do-coronavirus\/","title":{"rendered":"Prefeitura de Amparo publica novo decreto com medidas urgentes para o enfrentamento do Coronav\u00edrus"},"content":{"rendered":"\n<p>A Prefeitura de Amparo, no uso de suas atribui\u00e7\u00f5es legais, amparada pela Constitui\u00e7\u00e3o Federal, c\/c a Lei Org\u00e2nica do Munic\u00edpio, publicou um novo decreto na data deste domingo (22) com medidas urgentes para o enfrentamento da crise Mundial de sa\u00fade p\u00fablica, decorrente da infec\u00e7\u00e3o humana, causada pelo&nbsp;<strong>COVID-19 (CORONAV\u00cdRUS).<\/strong><\/p>\n\n\n\n<p><strong>A Prefeitura decreta que:<\/strong><\/p>\n\n\n\n<p><strong>Art. 1\u00ba<\/strong>&nbsp;fica&nbsp;<strong>PROIBIDO O FUNCIONAMENTO<\/strong>, a partir da 00h00min do dia 24\/03\/2020, em decorr\u00eancia da imperiosa necessidade de intensificar as medidas restritivas impostas no Decreto 004\/2020, pelo prazo inicial de 15 (quinze) dias, prazo pass\u00edvel de prorroga\u00e7\u00e3o, a depender do avan\u00e7o e controle da pandemia de COVID-19:<\/p>\n\n\n\n<p><strong>I \u2013<\/strong>&nbsp;Academias, Gin\u00e1sios, Campos de Futebol e Centros esportivos, P\u00fablicos e Privados;<\/p>\n\n\n\n<p><strong>II \u2013<\/strong>&nbsp;Centros e Galerias Comerciais;<\/p>\n\n\n\n<p><strong>III \u2013<\/strong>&nbsp;Bares, Restaurantes, Casas de festas, centros de recrea\u00e7\u00e3o, e estabelecimentos similares;<\/p>\n\n\n\n<p><strong>IV \u2013<\/strong>&nbsp;Lojas e estabelecimentos que pratiquem qualquer tipo de com\u00e9rcio de natureza n\u00e3o essencial;<\/p>\n\n\n\n<p><strong>V \u2013<\/strong>&nbsp;Igrejas e Tempos Religiosos, bem como qualquer cerimonia Religiosa com p\u00fablico;<\/p>\n\n\n\n<p><strong>VI \u2013<\/strong>&nbsp;Com\u00e9rcios Ambulantes fixos ou m\u00f3veis de natureza n\u00e3o essencial.<\/p>\n\n\n\n<p><strong>Art. 2\u00ba PODER\u00c3O FUNCIONAR SEM AGLOMERA\u00c7\u00c3O<\/strong>, Mantendo-se distancia m\u00ednima de uma pessoa para outra superior a 1,5 metros:<\/p>\n\n\n\n<p><strong>I \u2013<\/strong>&nbsp;Meios de Telecomunica\u00e7\u00e3o e informativos;<\/p>\n\n\n\n<p><strong>II \u2013<\/strong>&nbsp;Estabelecimentos m\u00e9dicos e similares, odontol\u00f3gicos e laboratoriais,&nbsp;<strong>exclusivamente em casos de emerg\u00eancia;<\/strong><\/p>\n\n\n\n<p><strong>III \u2013<\/strong>&nbsp;Farm\u00e1cias e pontos de Vacina\u00e7\u00e3o;<\/p>\n\n\n\n<p><strong>IV \u2013<\/strong>&nbsp;Distribuidoras de&nbsp;\u00e1gua&nbsp;e g\u00e1s, exclusivamente para este fim;<\/p>\n\n\n\n<p><strong>V \u2013&nbsp;<\/strong>Postos de Combust\u00edveis;<\/p>\n\n\n\n<p><strong>VI \u2013<\/strong>&nbsp;Funer\u00e1rias;<\/p>\n\n\n\n<p><strong>VII \u2013<\/strong>&nbsp;Padarias, lojas de produtos de ra\u00e7\u00f5es animais, supermercados e mercadinhos, frigor\u00edficos e Sacol\u00f5es.<\/p>\n\n\n\n<p><strong>VIII \u2013<\/strong>&nbsp;Lot\u00e9ricas e representantes banc\u00e1rios respeitando a dist\u00e2ncia m\u00ednima entre pessoas.<\/p>\n\n\n\n<p><strong><em>Par\u00e1grafo \u00fanico:<\/em><\/strong>&nbsp;\u00e9 de inteira responsabilidade legal do dono do com\u00e9rcio, o controle do acesso de pessoas e higieniza\u00e7\u00e3o do ambiente, sob pena de aplica\u00e7\u00e3o de Multas e comunica\u00e7\u00e3o a autoridades.<\/p>\n\n\n\n<p><strong>Art. 3\u00ba<\/strong>&nbsp;Durante o per\u00edodo de suspens\u00e3o dos com\u00e9rcios citados, estes poder\u00e3o funcionar&nbsp;<strong>APENAS PARA SERVI\u00c7OS DE ENTREGA<\/strong>, com pedidos feitos por telefone ou demais meios eletr\u00f4nicos, permanecendo com suas portas trancadas e sem atendimento presencial em suas depend\u00eancias.<\/p>\n\n\n\n<p><strong>Art. 4\u00ba<\/strong>&nbsp;Em caso de estabelecimentos de presta\u00e7\u00e3o de servi\u00e7os, estes s\u00f3 poder\u00e3o ser realizados e se poss\u00edvel de forma eletr\u00f4nica, a exemplo de cultos e missas, respeitando a n\u00e3o presen\u00e7a de p\u00fablico.<\/p>\n\n\n\n<p><strong>Art. 5\u00ba<\/strong>&nbsp;Passar\u00e1 a ser considerada aglomera\u00e7\u00e3o a quantidade de 10 (dez) pessoas reunidas, ou numero at\u00e9 menor caso n\u00e3o seja obedecida distancia m\u00ednima entre pessoas.<\/p>\n\n\n\n<p><strong>Art. 6\u00ba<\/strong>&nbsp;Pessoas vindas de outros Estados e cidades, principalmente de locais com casos confirmados de COVID-19 devem obrigatoriamente permanecer resguardados aos locais de estadia em Quarentena por 14 (catorze) dias, podendo em caso de descumprimento ser enquadrado no Art. 268 do C\u00f3digo penal brasileiro e demais dispositivos legais.<\/p>\n\n\n\n<p><strong>Art. 7\u00ba<\/strong>&nbsp;o Presente Decreto entra em vigor na data de sua publica\u00e7\u00e3o, e produzir\u00e1 resultados em todo o territ\u00f3rio do munic\u00edpio de Amparo-PB e pelo tempo que durar a Pandemia de COVID-19 ou ulterior delibera\u00e7\u00e3o.<\/p>\n\n\n\n<p><strong><em>Par\u00e1grafo \u00fanico:<\/em><\/strong>&nbsp;A Fiscaliza\u00e7\u00e3o do presente Decreto e do Decreto 004\/2020 ficar\u00e1 a cargo da Secretaria de Sa\u00fade e Comiss\u00f5es designadas para tais fins.<\/p>\n\n\n\n<p><strong>Art. 8\u00ba<\/strong>&nbsp;Novas medidas poder\u00e3o ser tomadas a qualquer tempo em raz\u00e3o do quadro epidemiol\u00f3gico da COVID-19.<\/p>\n\n\n\n<p><strong>Art. 9\u00ba.<\/strong>&nbsp;Em casos de extrema necessidade, autoridades ser\u00e3o comunicadas quanto a descumprimento, por ser medida de sa\u00fade p\u00fablica.<\/p>\n","protected":false},"excerpt":{"rendered":"<p>A Prefeitura de Amparo, no uso de suas atribui\u00e7\u00f5es legais, amparada pela Constitui\u00e7\u00e3o Federal, c\/c a Lei Org\u00e2nica do Munic\u00edpio, publicou um novo decreto na&hellip; <\/p>\n","protected":false},"author":2,"featured_media":159612,"comment_status":"closed","ping_status":"closed","sticky":false,"template":"","format":"standard","meta":{"sfsi_plus_gutenberg_text_before_share":"","sfsi_plus_gutenberg_show_text_before_share":"","sfsi_plus_gutenberg_icon_type":"","sfsi_plus_gutenberg_icon_alignemt":"","sfsi_plus_gutenburg_max_per_row":"","footnotes":""},"categories":[6],"tags":[],"class_list":["post-159611","post","type-post","status-publish","format-standard","has-post-thumbnail","hentry","category-cidades"],"_links":{"self":[{"href":"https:\/\/www.caririemacao.com\/1\/wp-json\/wp\/v2\/posts\/159611","targetHints":{"allow":["GET"]}}],"collection":[{"href":"https:\/\/www.caririemacao.com\/1\/wp-json\/wp\/v2\/posts"}],"about":[{"href":"https:\/\/www.caririemacao.com\/1\/wp-json\/wp\/v2\/types\/post"}],"author":[{"embeddable":true,"href":"https:\/\/www.caririemacao.com\/1\/wp-json\/wp\/v2\/users\/2"}],"replies":[{"embeddable":true,"href":"https:\/\/www.caririemacao.com\/1\/wp-json\/wp\/v2\/comments?post=159611"}],"version-history":[{"count":1,"href":"https:\/\/www.caririemacao.com\/1\/wp-json\/wp\/v2\/posts\/159611\/revisions"}],"predecessor-version":[{"id":159613,"href":"https:\/\/www.caririemacao.com\/1\/wp-json\/wp\/v2\/posts\/159611\/revisions\/159613"}],"wp:featuredmedia":[{"embeddable":true,"href":"https:\/\/www.caririemacao.com\/1\/wp-json\/wp\/v2\/media\/159612"}],"wp:attachment":[{"href":"https:\/\/www.caririemacao.com\/1\/wp-json\/wp\/v2\/media?parent=159611"}],"wp:term":[{"taxonomy":"category","embeddable":true,"href":"https:\/\/www.caririemacao.com\/1\/wp-json\/wp\/v2\/categories?post=159611"},{"taxonomy":"post_tag","embeddable":true,"href":"https:\/\/www.caririemacao.com\/1\/wp-json\/wp\/v2\/tags?post=159611"}],"curies":[{"name":"wp","href":"https:\/\/api.w.org\/{rel}","templated":true}]}}