{"id":159617,"date":"2020-03-23T07:14:09","date_gmt":"2020-03-23T10:14:09","guid":{"rendered":"http:\/\/www.caririemacao.com\/1\/?p=159617"},"modified":"2020-03-23T07:14:10","modified_gmt":"2020-03-23T10:14:10","slug":"prefeitura-de-monteiro-emite-nota-oficial-sobre-morte-de-idoso-com-sintomas-do-coronavirus","status":"publish","type":"post","link":"https:\/\/www.caririemacao.com\/1\/2020\/03\/23\/prefeitura-de-monteiro-emite-nota-oficial-sobre-morte-de-idoso-com-sintomas-do-coronavirus\/","title":{"rendered":"Prefeitura de Monteiro emite nota oficial sobre morte de idoso com sintomas do coronav\u00edrus"},"content":{"rendered":"\n<p>A Prefeitura de Monteiro, atrav\u00e9s da Secretaria Municipal de Sa\u00fade, v\u00eam a p\u00fablico informar que o paciente de iniciais J.H.N, de 67 anos, residente no munic\u00edpio de Zabel\u00ea, internado neste s\u00e1bado, 21, no Hospital Regional Santa Filomena, em Monteiro, apresentando sintomas de gripe, tosse e febre, veio a \u00f3bito no final da tarde deste domingo, 22.<\/p>\n\n\n\n<p>A Secretaria de Sa\u00fade informa que n\u00e3o existe confirma\u00e7\u00e3o de contamina\u00e7\u00e3o do coronav\u00edrus e aguarda o resultado do material recolhido e&nbsp;encaminhando ao LACEM, cujo resultado s\u00f3 deve ser revelado nos pr\u00f3ximos dias.<\/p>\n\n\n\n<p>A Prefeitura de Monteiro lamenta o falecimento do paciente, ao mesmo tempo que ressalta todo o empenho da equipe de Sa\u00fade do Munic\u00edpio e do Hospital Regional Santa Filomena.<\/p>\n\n\n\n<p>Monteiro, 22 de mar\u00e7o de 2020.<\/p>\n\n\n\n<p>ANNA LORENA DE FARIAS LEITE N\u00d3BREGA<br>Prefeita<\/p>\n","protected":false},"excerpt":{"rendered":"<p>A Prefeitura de Monteiro, atrav\u00e9s da Secretaria Municipal de Sa\u00fade, v\u00eam a p\u00fablico informar que o paciente de iniciais J.H.N, de 67 anos, residente no&hellip; <\/p>\n","protected":false},"author":2,"featured_media":159618,"comment_status":"closed","ping_status":"closed","sticky":false,"template":"","format":"standard","meta":{"sfsi_plus_gutenberg_text_before_share":"","sfsi_plus_gutenberg_show_text_before_share":"","sfsi_plus_gutenberg_icon_type":"","sfsi_plus_gutenberg_icon_alignemt":"","sfsi_plus_gutenburg_max_per_row":"","footnotes":""},"categories":[2],"tags":[],"class_list":["post-159617","post","type-post","status-publish","format-standard","has-post-thumbnail","hentry","category-geral"],"_links":{"self":[{"href":"https:\/\/www.caririemacao.com\/1\/wp-json\/wp\/v2\/posts\/159617","targetHints":{"allow":["GET"]}}],"collection":[{"href":"https:\/\/www.caririemacao.com\/1\/wp-json\/wp\/v2\/posts"}],"about":[{"href":"https:\/\/www.caririemacao.com\/1\/wp-json\/wp\/v2\/types\/post"}],"author":[{"embeddable":true,"href":"https:\/\/www.caririemacao.com\/1\/wp-json\/wp\/v2\/users\/2"}],"replies":[{"embeddable":true,"href":"https:\/\/www.caririemacao.com\/1\/wp-json\/wp\/v2\/comments?post=159617"}],"version-history":[{"count":1,"href":"https:\/\/www.caririemacao.com\/1\/wp-json\/wp\/v2\/posts\/159617\/revisions"}],"predecessor-version":[{"id":159619,"href":"https:\/\/www.caririemacao.com\/1\/wp-json\/wp\/v2\/posts\/159617\/revisions\/159619"}],"wp:featuredmedia":[{"embeddable":true,"href":"https:\/\/www.caririemacao.com\/1\/wp-json\/wp\/v2\/media\/159618"}],"wp:attachment":[{"href":"https:\/\/www.caririemacao.com\/1\/wp-json\/wp\/v2\/media?parent=159617"}],"wp:term":[{"taxonomy":"category","embeddable":true,"href":"https:\/\/www.caririemacao.com\/1\/wp-json\/wp\/v2\/categories?post=159617"},{"taxonomy":"post_tag","embeddable":true,"href":"https:\/\/www.caririemacao.com\/1\/wp-json\/wp\/v2\/tags?post=159617"}],"curies":[{"name":"wp","href":"https:\/\/api.w.org\/{rel}","templated":true}]}}